{"id":57227,"date":"2025-09-25T11:54:51","date_gmt":"2025-09-25T08:54:51","guid":{"rendered":"https:\/\/www.egemtv.com\/?p=57227"},"modified":"2025-09-25T11:54:52","modified_gmt":"2025-09-25T08:54:52","slug":"kutahyada-urunlerin-organik-gecis-sertifikasyon-islemleri-icin-parsel-kontrolleri-ve-numune-alimlari","status":"publish","type":"post","link":"https:\/\/www.egemtv.com\/?p=57227","title":{"rendered":"K\u00fctahya\u2019da \u00fcr\u00fcnlerin organik ge\u00e7i\u015f sertifikasyon i\u015flemleri i\u00e7in parsel kontrolleri ve numune al\u0131mlar\u0131"},"content":{"rendered":"<p>K\u00fctahya \u0130l Tar\u0131m ve Orman M\u00fcd\u00fcrl\u00fc\u011f\u00fcnce ahududu, t\u0131bbi ada\u00e7ay\u0131, \u00e7ilek ve kavun \u00fcreticilerinin organik ge\u00e7i\u015f sertifikasyon i\u015flemleri kapsam\u0131nda parsel kontrolleri ve numune al\u0131mlar\u0131 ger\u00e7ekle\u015ftirildi\u011fi bildirildi.<br \/>\n<br \/>\u0130l Tar\u0131m ve Orman M\u00fcd\u00fcrl\u00fc\u011f\u00fc teknik personelleri taraf\u0131ndan, K\u00fctahya Seki\u00f6ren Kad\u0131n Giri\u015fimi \u00dcretim ve \u0130\u015fletme Kooperatifi ahududu \u00fcreticilerinin Organik Ge\u00e7i\u015f-2 sertifikasyon i\u015flemleri, Hisarc\u0131k il\u00e7esi Karbasan K\u00f6y\u00fc Tar\u0131msal Kalk\u0131nma Kooperatifi t\u0131bbi ada\u00e7ay\u0131 \u00fcreticilerinin Organik Ge\u00e7i\u015f-2 sertifikasyon i\u015flemleri, Tav\u015fanl\u0131 il\u00e7esi Kuru\u00e7ay Beldesi \u00e7ilek \u00fcreticilerinin Organik Ge\u00e7i\u015f-1 sertifikasyon i\u015flemleri ve Emet il\u00e7esi G\u00f6ncek K\u00f6y\u00fc kavun \u00fcreticilerinin Organik Ge\u00e7i\u015f-1 sertifikasyon i\u015flemleri kapsam\u0131nda parsel kontrolleri ve numune al\u0131mlar\u0131 yap\u0131ld\u0131.<br \/><\/p>\n","protected":false},"excerpt":{"rendered":"<p>K\u00fctahya \u0130l Tar\u0131m ve Orman M\u00fcd\u00fcrl\u00fc\u011f\u00fcnce ahududu, t\u0131bbi ada\u00e7ay\u0131, \u00e7ilek ve kavun \u00fcreticilerinin organik ge\u00e7i\u015f sertifikasyon i\u015flemleri kapsam\u0131nda parsel kontrolleri ve numune al\u0131mlar\u0131 ger\u00e7ekle\u015ftirildi\u011fi bildirildi. \u0130l Tar\u0131m ve Orman M\u00fcd\u00fcrl\u00fc\u011f\u00fc teknik personelleri taraf\u0131ndan, K\u00fctahya Seki\u00f6ren Kad\u0131n Giri\u015fimi \u00dcretim ve \u0130\u015fletme Kooperatifi ahududu \u00fcreticilerinin Organik Ge\u00e7i\u015f-2 sertifikasyon i\u015flemleri, Hisarc\u0131k il\u00e7esi Karbasan K\u00f6y\u00fc Tar\u0131msal Kalk\u0131nma Kooperatifi t\u0131bbi&#8230;<\/p>\n","protected":false},"author":1,"featured_media":57228,"comment_status":"open","ping_status":"open","sticky":false,"template":"","format":"standard","meta":{"_crdt_document":"","footnotes":""},"categories":[125],"tags":[],"class_list":["post-57227","post","type-post","status-publish","format-standard","has-post-thumbnail","hentry","category-ekonomi"],"_links":{"self":[{"href":"https:\/\/www.egemtv.com\/index.php?rest_route=\/wp\/v2\/posts\/57227","targetHints":{"allow":["GET"]}}],"collection":[{"href":"https:\/\/www.egemtv.com\/index.php?rest_route=\/wp\/v2\/posts"}],"about":[{"href":"https:\/\/www.egemtv.com\/index.php?rest_route=\/wp\/v2\/types\/post"}],"author":[{"embeddable":true,"href":"https:\/\/www.egemtv.com\/index.php?rest_route=\/wp\/v2\/users\/1"}],"replies":[{"embeddable":true,"href":"https:\/\/www.egemtv.com\/index.php?rest_route=%2Fwp%2Fv2%2Fcomments&post=57227"}],"version-history":[{"count":1,"href":"https:\/\/www.egemtv.com\/index.php?rest_route=\/wp\/v2\/posts\/57227\/revisions"}],"predecessor-version":[{"id":57229,"href":"https:\/\/www.egemtv.com\/index.php?rest_route=\/wp\/v2\/posts\/57227\/revisions\/57229"}],"wp:featuredmedia":[{"embeddable":true,"href":"https:\/\/www.egemtv.com\/index.php?rest_route=\/wp\/v2\/media\/57228"}],"wp:attachment":[{"href":"https:\/\/www.egemtv.com\/index.php?rest_route=%2Fwp%2Fv2%2Fmedia&parent=57227"}],"wp:term":[{"taxonomy":"category","embeddable":true,"href":"https:\/\/www.egemtv.com\/index.php?rest_route=%2Fwp%2Fv2%2Fcategories&post=57227"},{"taxonomy":"post_tag","embeddable":true,"href":"https:\/\/www.egemtv.com\/index.php?rest_route=%2Fwp%2Fv2%2Ftags&post=57227"}],"curies":[{"name":"wp","href":"https:\/\/api.w.org\/{rel}","templated":true}]}}