{"id":57224,"date":"2025-09-25T11:54:50","date_gmt":"2025-09-25T08:54:50","guid":{"rendered":"https:\/\/www.egemtv.com\/?p=57224"},"modified":"2025-09-25T11:54:51","modified_gmt":"2025-09-25T08:54:51","slug":"kutahya-sosyal-bilimler-lisesi-iki-uluslararasi-projeyle-avrupada-aktif-rol-ustleniyor","status":"publish","type":"post","link":"https:\/\/www.egemtv.com\/?p=57224","title":{"rendered":"K\u00fctahya Sosyal Bilimler Lisesi iki uluslararas\u0131 projeyle Avrupa\u2019da aktif rol \u00fcstleniyor"},"content":{"rendered":"<p>K\u00fctahya Aysel-Selahattin Erkasap Sosyal Bilimler Lisesinin, e-Twinning kapsam\u0131nda biri kurucusu, di\u011feri ise orta\u011f\u0131 oldu\u011fu iki uluslararas\u0131 projeyle Avrupa\u2019da aktif rol \u00fcstlendi\u011fi bildirildi.<br \/>\n<br \/>\u0130lk proje, 7 \u00fclkeden 22 ki\u015filik bir ekiple y\u00fcr\u00fct\u00fcl\u00fcyor ve 12-17 ya\u015f aras\u0131 gen\u00e7lere hitap ediyor. Projede vatanda\u015fl\u0131k, \u00e7evre e\u011fitimi, yabanc\u0131 diller, bili\u015fim teknolojileri (ICT) ve matematik gibi alanlarda \u00e7al\u0131\u015fmalar ger\u00e7ekle\u015ftiriliyor. Ayr\u0131ca hukuk, bili\u015fim ve foto\u011fraf\u00e7\u0131l\u0131k gibi mesleki i\u00e7erikler de \u00f6\u011frencilere sunuluyor.<br \/>\n<br \/>Kurucu olunan ikinci projede ise 9 \u00fclkeden kat\u0131l\u0131m sa\u011flan\u0131yor. 16-19 ya\u015f aras\u0131 gen\u00e7lerle, ekonomi, teknoloji tasar\u0131m\u0131, medya e\u011fitimi gibi alanlarda dijital ve mesleki beceriler geli\u015ftiriliyor. Giri\u015fimcilik, makroekonomi ve istatistik gibi konular da proje kapsam\u0131na dahil ediliyor.<br \/>\n<br \/>K\u00fctahya Aysel-Selahattin Erkasap Sosyal Bilimler Lisesinin, bu t\u00fcr projelerle \u00f6\u011frencilerini Avrupa standartlar\u0131nda bilgi, beceri ve vizyonla donatmaya devam etti\u011fini s\u00f6yleyen Okul M\u00fcd\u00fcr\u00fc Zeki Kilitci, &#8220;Okulumuzun Avrupa vizyonuyla gen\u00e7lerimizi gelece\u011fe haz\u0131rl\u0131yor olmas\u0131ndan b\u00fcy\u00fck bir gurur duyuyoruz. Bu projelerde eme\u011fi ge\u00e7en t\u00fcm \u00f6\u011frencilerimizi ve \u00f6zellikle katk\u0131lar\u0131ndan dolay\u0131 de\u011ferli \u00f6\u011fretmenimiz Almanca \u00d6\u011fretmeni \u00d6zge Kirazl\u0131\u2019y\u0131 g\u00f6n\u00fclden tebrik ediyorum. \u00d6\u011frencilerimizin elde ettikleri uluslararas\u0131 tecr\u00fcbeler, hem onlar\u0131n akademik hem de ki\u015fisel geli\u015fimlerine b\u00fcy\u00fck katk\u0131 sa\u011flayacakt\u0131r&#8221; dedi.<br \/><\/p>\n","protected":false},"excerpt":{"rendered":"<p>K\u00fctahya Aysel-Selahattin Erkasap Sosyal Bilimler Lisesinin, e-Twinning kapsam\u0131nda biri kurucusu, di\u011feri ise orta\u011f\u0131 oldu\u011fu iki uluslararas\u0131 projeyle Avrupa\u2019da aktif rol \u00fcstlendi\u011fi bildirildi. \u0130lk proje, 7 \u00fclkeden 22 ki\u015filik bir ekiple y\u00fcr\u00fct\u00fcl\u00fcyor ve 12-17 ya\u015f aras\u0131 gen\u00e7lere hitap ediyor. Projede vatanda\u015fl\u0131k, \u00e7evre e\u011fitimi, yabanc\u0131 diller, bili\u015fim teknolojileri (ICT) ve matematik gibi alanlarda \u00e7al\u0131\u015fmalar ger\u00e7ekle\u015ftiriliyor. Ayr\u0131ca hukuk,&#8230;<\/p>\n","protected":false},"author":1,"featured_media":57225,"comment_status":"open","ping_status":"open","sticky":false,"template":"","format":"standard","meta":{"_crdt_document":"","footnotes":""},"categories":[1],"tags":[],"class_list":["post-57224","post","type-post","status-publish","format-standard","has-post-thumbnail","hentry","category-guncel"],"_links":{"self":[{"href":"https:\/\/www.egemtv.com\/index.php?rest_route=\/wp\/v2\/posts\/57224","targetHints":{"allow":["GET"]}}],"collection":[{"href":"https:\/\/www.egemtv.com\/index.php?rest_route=\/wp\/v2\/posts"}],"about":[{"href":"https:\/\/www.egemtv.com\/index.php?rest_route=\/wp\/v2\/types\/post"}],"author":[{"embeddable":true,"href":"https:\/\/www.egemtv.com\/index.php?rest_route=\/wp\/v2\/users\/1"}],"replies":[{"embeddable":true,"href":"https:\/\/www.egemtv.com\/index.php?rest_route=%2Fwp%2Fv2%2Fcomments&post=57224"}],"version-history":[{"count":1,"href":"https:\/\/www.egemtv.com\/index.php?rest_route=\/wp\/v2\/posts\/57224\/revisions"}],"predecessor-version":[{"id":57226,"href":"https:\/\/www.egemtv.com\/index.php?rest_route=\/wp\/v2\/posts\/57224\/revisions\/57226"}],"wp:featuredmedia":[{"embeddable":true,"href":"https:\/\/www.egemtv.com\/index.php?rest_route=\/wp\/v2\/media\/57225"}],"wp:attachment":[{"href":"https:\/\/www.egemtv.com\/index.php?rest_route=%2Fwp%2Fv2%2Fmedia&parent=57224"}],"wp:term":[{"taxonomy":"category","embeddable":true,"href":"https:\/\/www.egemtv.com\/index.php?rest_route=%2Fwp%2Fv2%2Fcategories&post=57224"},{"taxonomy":"post_tag","embeddable":true,"href":"https:\/\/www.egemtv.com\/index.php?rest_route=%2Fwp%2Fv2%2Ftags&post=57224"}],"curies":[{"name":"wp","href":"https:\/\/api.w.org\/{rel}","templated":true}]}}