{"id":57218,"date":"2025-09-25T11:54:49","date_gmt":"2025-09-25T08:54:49","guid":{"rendered":"https:\/\/www.egemtv.com\/?p=57218"},"modified":"2025-09-25T11:54:49","modified_gmt":"2025-09-25T08:54:49","slug":"turk-mutfaginin-geleneksel-tadi-tarhana-cazibesini-kaybetmedi","status":"publish","type":"post","link":"https:\/\/www.egemtv.com\/?p=57218","title":{"rendered":"T\u00fcrk mutfa\u011f\u0131n\u0131n geleneksel tad\u0131 tarhana, cazibesini kaybetmedi"},"content":{"rendered":"<p>T\u00fcrk mutfa\u011f\u0131n\u0131n as\u0131rlard\u0131r s\u00fcregelen gelenekleri aras\u0131nda yer alan ve Orta Asya\u2019dan bu yana sevilerek t\u00fcketilen tarhana gelene\u011fi Ayd\u0131n\u2019da devam ediyor. Merkezi Ayd\u0131n\u2019da bulunan ve \u00fclke genelinde 100\u2019\u00fcn \u00fczerinde \u015fubesi olan Tu\u011fba Kuruyemi\u015f\u2019te tarhana sezonu ba\u015flad\u0131.<br \/>\n<br \/>Geleneksel tad\u0131ndan taviz verilmeden modern \u015fartlarda tonlarca tarhana \u00fcreten Tu\u011fba Kuruyemi\u015f, bu y\u0131l da k\u0131\u015f haz\u0131rl\u0131klar\u0131 kapsam\u0131nda tarhana \u00fcretimine a\u011f\u0131rl\u0131k verdi. \u00c7e\u015fitli hastal\u0131k ve vir\u00fcslere kar\u015f\u0131 v\u00fccut direncini artt\u0131rmas\u0131 ile de bilinen tarhanaya her y\u0131l talebin artt\u0131\u011f\u0131 belirtildi.<br \/>\n<br \/>Gerek \u00e7al\u0131\u015fma hayat\u0131n\u0131n getirdi\u011fi yo\u011funluk gerekse apartman ya\u015fant\u0131s\u0131ndaki k\u0131s\u0131tl\u0131 imkanlar nedeniyle tarhana yapma imkan\u0131 bulamayan aileler i\u00e7in geleneksel tarhana \u00fcretimini s\u00fcrd\u00fcrd\u00fcklerini belirten Tu\u011fba Kuruyemi\u015f Y\u00f6netim Kurulu Ba\u015fkan\u0131 Ahmet Tonkul, &#8220;Orta Asya\u2019dan bu yana s\u00fcre gelen geleneksel tarhanay\u0131 as\u0131rlar \u00f6ncesinde oldu\u011fu gibi \u00f6zelliklerini koruyarak \u00fcretiyoruz. Vitamin ve mineral a\u00e7\u0131s\u0131ndan olduk\u00e7a zengin olan tarhana \u00e7orbas\u0131n\u0131n gerek i\u00e7erisindeki maddeler gerekse kullan\u0131lan baharatlar nedeniyle olduk\u00e7a besleyici ve \u00e7e\u015fitli hastal\u0131k ve vir\u00fcslere kar\u015f\u0131 koruyucu \u00f6zelli\u011fe sahiptir. Mayalanma yani fermantasyon sonucu elde edilen tarhana her ya\u015f grubu taraf\u0131ndan rahatl\u0131kla t\u00fcketilebilecek bir besin oldu\u011fu gibi bol miktarda A, B ve \u00f6zellikle C vitamini, bol fosfor, iyot, silis, k\u00fck\u00fcrt gibi v\u00fccuda \u00e7ok faydal\u0131 maddeler i\u00e7erir. Tarhana; Ba\u011f\u0131\u015f\u0131kl\u0131k sistemini kuvvetlendirir, nefes borusunu temizler, damar t\u0131kan\u0131kl\u0131\u011f\u0131 ve daralmas\u0131n\u0131 \u00f6nler. Do\u011fal tokluk hissi verdi\u011finden dolay\u0131 adeta zay\u0131flama ilac\u0131 gibidir. Kansere kar\u015f\u0131 da ciddi koruma sa\u011flayan besindir&#8221; diyerek T\u00fcrkiye\u2019de tarhana t\u00fcketiminin her y\u0131l artarak devam etti\u011fini s\u00f6yledi.<br \/>\n<br \/>&#8220;Ya\u015fam ko\u015fullar\u0131 de\u011fi\u015fti\u011fi i\u00e7in evlerde yap\u0131m\u0131 zorla\u015ft\u0131&#8221;<br \/>\n<br \/>Anadolu\u2019da hemen hemen her y\u00f6rede k\u0131\u015f i\u00e7in haz\u0131rlanan yiyecekler aras\u0131nda ilk s\u0131ralarda yer alan tarhanan\u0131n sevilerek t\u00fcketilmesine ra\u011fmen art\u0131k evlerde \u00fcretiminin zorla\u015ft\u0131\u011f\u0131n\u0131 belirten Tonkul, halktan gelen talepler do\u011frultusunda her y\u0131l tarhana \u00fcretiminin artarak devam etti\u011fini s\u00f6yledi. Ayn\u0131 zamanda yemek olarak haz\u0131rlanmas\u0131 olduk\u00e7a pratik olan tarhanan\u0131n T\u00fcrk mutfa\u011f\u0131nda yerinin \u00e7ok \u00f6nemli oldu\u011funu kaydeden Tu\u011fba Kuruyemi\u015f Y\u00f6netim Kurulu Ba\u015fkan\u0131 Ahmet Tonkul, &#8220;Geleneksel g\u0131dalar\u0131m\u0131z\u0131n pek \u00e7o\u011fu zamana ya da \u00e7e\u015fitli yeniliklere yenik d\u00fc\u015ft\u00fc. Ancak tarhana as\u0131rlard\u0131r cazibesinden bir \u015fey kaybetmedi. Gen\u00e7 ku\u015faklar taraf\u0131ndan da sevilerek t\u00fcketiliyor&#8221; dedi.<br \/><\/p>\n","protected":false},"excerpt":{"rendered":"<p>T\u00fcrk mutfa\u011f\u0131n\u0131n as\u0131rlard\u0131r s\u00fcregelen gelenekleri aras\u0131nda yer alan ve Orta Asya\u2019dan bu yana sevilerek t\u00fcketilen tarhana gelene\u011fi Ayd\u0131n\u2019da devam ediyor. Merkezi Ayd\u0131n\u2019da bulunan ve \u00fclke genelinde 100\u2019\u00fcn \u00fczerinde \u015fubesi olan Tu\u011fba Kuruyemi\u015f\u2019te tarhana sezonu ba\u015flad\u0131. Geleneksel tad\u0131ndan taviz verilmeden modern \u015fartlarda tonlarca tarhana \u00fcreten Tu\u011fba Kuruyemi\u015f, bu y\u0131l da k\u0131\u015f haz\u0131rl\u0131klar\u0131 kapsam\u0131nda tarhana \u00fcretimine a\u011f\u0131rl\u0131k&#8230;<\/p>\n","protected":false},"author":1,"featured_media":57219,"comment_status":"open","ping_status":"open","sticky":false,"template":"","format":"standard","meta":{"_crdt_document":"","footnotes":""},"categories":[1],"tags":[],"class_list":["post-57218","post","type-post","status-publish","format-standard","has-post-thumbnail","hentry","category-guncel"],"_links":{"self":[{"href":"https:\/\/www.egemtv.com\/index.php?rest_route=\/wp\/v2\/posts\/57218","targetHints":{"allow":["GET"]}}],"collection":[{"href":"https:\/\/www.egemtv.com\/index.php?rest_route=\/wp\/v2\/posts"}],"about":[{"href":"https:\/\/www.egemtv.com\/index.php?rest_route=\/wp\/v2\/types\/post"}],"author":[{"embeddable":true,"href":"https:\/\/www.egemtv.com\/index.php?rest_route=\/wp\/v2\/users\/1"}],"replies":[{"embeddable":true,"href":"https:\/\/www.egemtv.com\/index.php?rest_route=%2Fwp%2Fv2%2Fcomments&post=57218"}],"version-history":[{"count":1,"href":"https:\/\/www.egemtv.com\/index.php?rest_route=\/wp\/v2\/posts\/57218\/revisions"}],"predecessor-version":[{"id":57220,"href":"https:\/\/www.egemtv.com\/index.php?rest_route=\/wp\/v2\/posts\/57218\/revisions\/57220"}],"wp:featuredmedia":[{"embeddable":true,"href":"https:\/\/www.egemtv.com\/index.php?rest_route=\/wp\/v2\/media\/57219"}],"wp:attachment":[{"href":"https:\/\/www.egemtv.com\/index.php?rest_route=%2Fwp%2Fv2%2Fmedia&parent=57218"}],"wp:term":[{"taxonomy":"category","embeddable":true,"href":"https:\/\/www.egemtv.com\/index.php?rest_route=%2Fwp%2Fv2%2Fcategories&post=57218"},{"taxonomy":"post_tag","embeddable":true,"href":"https:\/\/www.egemtv.com\/index.php?rest_route=%2Fwp%2Fv2%2Ftags&post=57218"}],"curies":[{"name":"wp","href":"https:\/\/api.w.org\/{rel}","templated":true}]}}