{"id":57215,"date":"2025-09-25T11:54:48","date_gmt":"2025-09-25T08:54:48","guid":{"rendered":"https:\/\/www.egemtv.com\/?p=57215"},"modified":"2025-09-25T11:54:48","modified_gmt":"2025-09-25T08:54:48","slug":"mentese-belediyesinden-kadin-haklari-bilgilendirmesi","status":"publish","type":"post","link":"https:\/\/www.egemtv.com\/?p=57215","title":{"rendered":"Mente\u015fe Belediyesi\u2019nden Kad\u0131n Haklar\u0131 bilgilendirmesi"},"content":{"rendered":"<p>Mente\u015fe Belediyesi, toplumsal cinsiyet e\u015fitli\u011fini g\u00fc\u00e7lendirme \u00e7al\u0131\u015fmalar\u0131 kapsam\u0131nda k\u0131rsal mahallelerde kad\u0131nlarla bulu\u015fmaya devam ediyor. Belediye ekipleri ve Avukat Perihan Ceviz, Yemi\u015fendere Mahallesi\u2019nde kad\u0131nlara hukuki haklar, toplumsal cinsiyet e\u015fitli\u011fi ve sosyal destek mekanizmalar\u0131 hakk\u0131nda bilgilendirme yapt\u0131. Bilgilendirme sonras\u0131 ekipler ve Avukat Ceviz taraf\u0131ndan kat\u0131l\u0131mc\u0131lar\u0131n sorular\u0131 cevapland\u0131r\u0131ld\u0131.<br \/>\n<br \/>Mente\u015fe Belediyesi, kad\u0131nlar\u0131n sosyal, ekonomik ve k\u00fclt\u00fcrel hayata daha g\u00fc\u00e7l\u00fc kat\u0131l\u0131m\u0131 i\u00e7in e\u011fitim ve seminerler d\u00fczenlemeye devam edecek.<br \/><\/p>\n","protected":false},"excerpt":{"rendered":"<p>Mente\u015fe Belediyesi, toplumsal cinsiyet e\u015fitli\u011fini g\u00fc\u00e7lendirme \u00e7al\u0131\u015fmalar\u0131 kapsam\u0131nda k\u0131rsal mahallelerde kad\u0131nlarla bulu\u015fmaya devam ediyor. Belediye ekipleri ve Avukat Perihan Ceviz, Yemi\u015fendere Mahallesi\u2019nde kad\u0131nlara hukuki haklar, toplumsal cinsiyet e\u015fitli\u011fi ve sosyal destek mekanizmalar\u0131 hakk\u0131nda bilgilendirme yapt\u0131. Bilgilendirme sonras\u0131 ekipler ve Avukat Ceviz taraf\u0131ndan kat\u0131l\u0131mc\u0131lar\u0131n sorular\u0131 cevapland\u0131r\u0131ld\u0131. Mente\u015fe Belediyesi, kad\u0131nlar\u0131n sosyal, ekonomik ve k\u00fclt\u00fcrel hayata daha g\u00fc\u00e7l\u00fc&#8230;<\/p>\n","protected":false},"author":1,"featured_media":57216,"comment_status":"open","ping_status":"open","sticky":false,"template":"","format":"standard","meta":{"_crdt_document":"","footnotes":""},"categories":[123],"tags":[],"class_list":["post-57215","post","type-post","status-publish","format-standard","has-post-thumbnail","hentry","category-gundem"],"_links":{"self":[{"href":"https:\/\/www.egemtv.com\/index.php?rest_route=\/wp\/v2\/posts\/57215","targetHints":{"allow":["GET"]}}],"collection":[{"href":"https:\/\/www.egemtv.com\/index.php?rest_route=\/wp\/v2\/posts"}],"about":[{"href":"https:\/\/www.egemtv.com\/index.php?rest_route=\/wp\/v2\/types\/post"}],"author":[{"embeddable":true,"href":"https:\/\/www.egemtv.com\/index.php?rest_route=\/wp\/v2\/users\/1"}],"replies":[{"embeddable":true,"href":"https:\/\/www.egemtv.com\/index.php?rest_route=%2Fwp%2Fv2%2Fcomments&post=57215"}],"version-history":[{"count":1,"href":"https:\/\/www.egemtv.com\/index.php?rest_route=\/wp\/v2\/posts\/57215\/revisions"}],"predecessor-version":[{"id":57217,"href":"https:\/\/www.egemtv.com\/index.php?rest_route=\/wp\/v2\/posts\/57215\/revisions\/57217"}],"wp:featuredmedia":[{"embeddable":true,"href":"https:\/\/www.egemtv.com\/index.php?rest_route=\/wp\/v2\/media\/57216"}],"wp:attachment":[{"href":"https:\/\/www.egemtv.com\/index.php?rest_route=%2Fwp%2Fv2%2Fmedia&parent=57215"}],"wp:term":[{"taxonomy":"category","embeddable":true,"href":"https:\/\/www.egemtv.com\/index.php?rest_route=%2Fwp%2Fv2%2Fcategories&post=57215"},{"taxonomy":"post_tag","embeddable":true,"href":"https:\/\/www.egemtv.com\/index.php?rest_route=%2Fwp%2Fv2%2Ftags&post=57215"}],"curies":[{"name":"wp","href":"https:\/\/api.w.org\/{rel}","templated":true}]}}