{"id":57212,"date":"2025-09-25T11:35:59","date_gmt":"2025-09-25T08:35:59","guid":{"rendered":"https:\/\/www.egemtv.com\/?p=57212"},"modified":"2025-09-25T11:35:59","modified_gmt":"2025-09-25T08:35:59","slug":"baskan-gunel-kamu-hizmeti-amaciyla-kullaniliyor","status":"publish","type":"post","link":"https:\/\/www.egemtv.com\/?p=57212","title":{"rendered":"Ba\u015fkan G\u00fcnel: &#8220;Kamu hizmeti amac\u0131yla kullan\u0131l\u0131yor&#8221;"},"content":{"rendered":"<p>Ku\u015fadas\u0131 Belediye Ba\u015fkan\u0131 \u00d6mer G\u00fcnel, g\u00fcndeme gelen Belediye Hizmet Binas\u0131\u2019n\u0131n tahliyesi ile ilgili olarak yapt\u0131\u011f\u0131 a\u00e7\u0131klamada, &#8220;Burada bir kamu hizmeti veriyoruz. Belediyemizin \u2018Kentli Servisi\u2019 ve \u2018G\u00fcvercin Masa\u2019 hizmetleri zemin katta vatanda\u015flar\u0131m\u0131za sunulmaktad\u0131r&#8221; dedi.<\/p>\n<p>Ba\u015fkan G\u00fcnel yapt\u0131\u011f\u0131 a\u00e7\u0131klamada, &#8220;2022 y\u0131l\u0131ndan bu yana m\u00fclkiyeti B\u00fcy\u00fck\u015fehir Belediyesi\u2019ne ait eski Tari\u015f alan\u0131ndaki binan\u0131n bir k\u0131sm\u0131, al\u0131nan meclis karar\u0131 ve yap\u0131lan protokol \u00e7er\u00e7evesinde Ku\u015fadas\u0131 Belediyesi Hizmet Binas\u0131 olarak kullan\u0131lmaktad\u0131r. \u0130lk g\u00fcnden bu yana kullan\u0131m \u015fekli ayn\u0131d\u0131r. Burada bir kamu hizmeti veriyoruz. Belediyemizin \u2018Kentli Servisi\u2019 ve \u2018G\u00fcvercin Masa\u2019 hizmetleri zemin katta vatanda\u015flar\u0131m\u0131za sunulmaktad\u0131r. Binan\u0131n belediyemize tahsisi, Ku\u015fadas\u0131 halk\u0131n\u0131n hizmetlere daha kolay eri\u015febilmesi amac\u0131yla yap\u0131lm\u0131\u015ft\u0131. Hatta bunu 2022 y\u0131l\u0131nda yap\u0131lan bir bas\u0131n toplant\u0131s\u0131nda &#8220;Ku\u015fadas\u0131 Halk\u0131na M\u00fcjde&#8221; ba\u015fl\u0131\u011f\u0131 ile bizzat \u00d6zlem \u00c7er\u00e7io\u011flu taraf\u0131ndan a\u00e7\u0131klanm\u0131\u015ft\u0131. Ancak bug\u00fcn, yakla\u015f\u0131k 3 y\u0131ld\u0131r Ku\u015fadal\u0131lara hizmet veren birimlerin bulundu\u011fu alan\u0131n bo\u015falt\u0131lmas\u0131 yine bizzat kendisinin talebi ile istenmektedir. Gerek\u00e7e olarak da \u2018amac\u0131 d\u0131\u015f\u0131nda kullan\u0131m\u2019 g\u00f6sterilmi\u015ftir. Ku\u015fadal\u0131lar\u0131n hizmet ald\u0131\u011f\u0131 iki \u00f6nemli birim acaba hangi belediye hizmeti amac\u0131n\u0131n d\u0131\u015f\u0131nda olabilir?&#8221; &#8220;Ayd\u0131n B\u00fcy\u00fck\u015fehir Belediyesi\u2019nin bas\u0131n a\u00e7\u0131klamas\u0131nda bu iddialar\u0131n yalan oldu\u011fu, tahliye talebinin bulunmad\u0131\u011f\u0131 s\u00f6ylenmi\u015ftir. As\u0131l bu a\u00e7\u0131klama ger\u00e7e\u011fi yans\u0131tmamaktad\u0131r. Zemin kat\u0131n bo\u015falt\u0131lmas\u0131 i\u00e7in kaymakaml\u0131\u011fa ba\u015fvurduklar\u0131 a\u00e7\u0131kt\u0131r. Kaymakaml\u0131k da 3 Ekim tarihinde bize yaz\u0131 g\u00f6ndererek, \u2018Tahliye edin, aksi takdirde biz tahliye edece\u011fiz\u2019 demi\u015ftir. Biz de buna kar\u015f\u0131 gerekli hukuki s\u00fcre\u00e7leri ba\u015flatt\u0131k&#8221; dedi.<br \/><\/p>\n","protected":false},"excerpt":{"rendered":"<p>Ku\u015fadas\u0131 Belediye Ba\u015fkan\u0131 \u00d6mer G\u00fcnel, g\u00fcndeme gelen Belediye Hizmet Binas\u0131\u2019n\u0131n tahliyesi ile ilgili olarak yapt\u0131\u011f\u0131 a\u00e7\u0131klamada, &#8220;Burada bir kamu hizmeti veriyoruz. Belediyemizin \u2018Kentli Servisi\u2019 ve \u2018G\u00fcvercin Masa\u2019 hizmetleri zemin katta vatanda\u015flar\u0131m\u0131za sunulmaktad\u0131r&#8221; dedi. Ba\u015fkan G\u00fcnel yapt\u0131\u011f\u0131 a\u00e7\u0131klamada, &#8220;2022 y\u0131l\u0131ndan bu yana m\u00fclkiyeti B\u00fcy\u00fck\u015fehir Belediyesi\u2019ne ait eski Tari\u015f alan\u0131ndaki binan\u0131n bir k\u0131sm\u0131, al\u0131nan meclis karar\u0131 ve&#8230;<\/p>\n","protected":false},"author":1,"featured_media":57213,"comment_status":"open","ping_status":"open","sticky":false,"template":"","format":"standard","meta":{"_crdt_document":"","footnotes":""},"categories":[127],"tags":[],"class_list":["post-57212","post","type-post","status-publish","format-standard","has-post-thumbnail","hentry","category-siyaset"],"_links":{"self":[{"href":"https:\/\/www.egemtv.com\/index.php?rest_route=\/wp\/v2\/posts\/57212","targetHints":{"allow":["GET"]}}],"collection":[{"href":"https:\/\/www.egemtv.com\/index.php?rest_route=\/wp\/v2\/posts"}],"about":[{"href":"https:\/\/www.egemtv.com\/index.php?rest_route=\/wp\/v2\/types\/post"}],"author":[{"embeddable":true,"href":"https:\/\/www.egemtv.com\/index.php?rest_route=\/wp\/v2\/users\/1"}],"replies":[{"embeddable":true,"href":"https:\/\/www.egemtv.com\/index.php?rest_route=%2Fwp%2Fv2%2Fcomments&post=57212"}],"version-history":[{"count":1,"href":"https:\/\/www.egemtv.com\/index.php?rest_route=\/wp\/v2\/posts\/57212\/revisions"}],"predecessor-version":[{"id":57214,"href":"https:\/\/www.egemtv.com\/index.php?rest_route=\/wp\/v2\/posts\/57212\/revisions\/57214"}],"wp:featuredmedia":[{"embeddable":true,"href":"https:\/\/www.egemtv.com\/index.php?rest_route=\/wp\/v2\/media\/57213"}],"wp:attachment":[{"href":"https:\/\/www.egemtv.com\/index.php?rest_route=%2Fwp%2Fv2%2Fmedia&parent=57212"}],"wp:term":[{"taxonomy":"category","embeddable":true,"href":"https:\/\/www.egemtv.com\/index.php?rest_route=%2Fwp%2Fv2%2Fcategories&post=57212"},{"taxonomy":"post_tag","embeddable":true,"href":"https:\/\/www.egemtv.com\/index.php?rest_route=%2Fwp%2Fv2%2Ftags&post=57212"}],"curies":[{"name":"wp","href":"https:\/\/api.w.org\/{rel}","templated":true}]}}