{"id":57206,"date":"2025-09-25T11:35:57","date_gmt":"2025-09-25T08:35:57","guid":{"rendered":"https:\/\/www.egemtv.com\/?p=57206"},"modified":"2025-09-25T11:35:58","modified_gmt":"2025-09-25T08:35:58","slug":"denizlide-peynir-ureten-firmanin-5-urununde-yag-orani-dusuk-cikti","status":"publish","type":"post","link":"https:\/\/www.egemtv.com\/?p=57206","title":{"rendered":"Denizli\u2019de peynir \u00fcreten firman\u0131n 5 \u00fcr\u00fcn\u00fcnde ya\u011f oran\u0131 d\u00fc\u015f\u00fck \u00e7\u0131kt\u0131"},"content":{"rendered":"<p>Tar\u0131m ve Orman Bakanl\u0131\u011f\u0131 ekipleri taraf\u0131ndan yap\u0131lan kontrollerde Denizli\u2019de peynir \u00fcretimi yapan bir firman\u0131n 5 \u00fcr\u00fcn\u00fcnden al\u0131nan 14 numunenin tamam\u0131nda ya\u011f oran\u0131 d\u00fc\u015f\u00fck \u00e7\u0131kt\u0131.<br \/>\n<br \/>Tar\u0131m ve Orman Bakanl\u0131\u011f\u0131, taklit ve ta\u011f\u015fi\u015f yap\u0131lan \u00fcr\u00fcnlere y\u00f6nelik \u00e7al\u0131\u015fmalar\u0131n\u0131 s\u00fcrd\u00fcr\u00fcyor. Denizli\u2019de bakanl\u0131\u011fa ba\u011fl\u0131 ekipler, \u00c7al il\u00e7esinde Kocag\u00f6z marka ad\u0131 alt\u0131nda peynir \u00fcretimi yapan firmada denetim ger\u00e7ekle\u015ftirdi. Ekipler firmaya ait tam ya\u011fl\u0131 beyaz peynir, tam ya\u011fl\u0131 taze beyaz peynir, yar\u0131m ya\u011fl\u0131 beyaz peynir, yar\u0131m ya\u011fl\u0131 taze beyaz peynir ve taze ka\u015far peynirinden 14 ayr\u0131 numune ald\u0131. Numuneler \u00fczerinde yap\u0131lan incelemelerde \u00fcr\u00fcnlerin tamam\u0131nda taklit ve ta\u011f\u015fi\u015f yap\u0131ld\u0131\u011f\u0131 ortaya \u00e7\u0131kt\u0131. Yap\u0131lan incelemede Kocag\u00f6z firmas\u0131na ait \u00fcr\u00fcnlerden al\u0131nan numunelerin tamam\u0131nda ya\u011f oran\u0131 belirtilenden d\u00fc\u015f\u00fck \u00e7\u0131kt\u0131.<br \/><\/p>\n","protected":false},"excerpt":{"rendered":"<p>Tar\u0131m ve Orman Bakanl\u0131\u011f\u0131 ekipleri taraf\u0131ndan yap\u0131lan kontrollerde Denizli\u2019de peynir \u00fcretimi yapan bir firman\u0131n 5 \u00fcr\u00fcn\u00fcnden al\u0131nan 14 numunenin tamam\u0131nda ya\u011f oran\u0131 d\u00fc\u015f\u00fck \u00e7\u0131kt\u0131. Tar\u0131m ve Orman Bakanl\u0131\u011f\u0131, taklit ve ta\u011f\u015fi\u015f yap\u0131lan \u00fcr\u00fcnlere y\u00f6nelik \u00e7al\u0131\u015fmalar\u0131n\u0131 s\u00fcrd\u00fcr\u00fcyor. Denizli\u2019de bakanl\u0131\u011fa ba\u011fl\u0131 ekipler, \u00c7al il\u00e7esinde Kocag\u00f6z marka ad\u0131 alt\u0131nda peynir \u00fcretimi yapan firmada denetim ger\u00e7ekle\u015ftirdi. Ekipler firmaya ait&#8230;<\/p>\n","protected":false},"author":1,"featured_media":57207,"comment_status":"open","ping_status":"open","sticky":false,"template":"","format":"standard","meta":{"_crdt_document":"","footnotes":""},"categories":[125],"tags":[],"class_list":["post-57206","post","type-post","status-publish","format-standard","has-post-thumbnail","hentry","category-ekonomi"],"_links":{"self":[{"href":"https:\/\/www.egemtv.com\/index.php?rest_route=\/wp\/v2\/posts\/57206","targetHints":{"allow":["GET"]}}],"collection":[{"href":"https:\/\/www.egemtv.com\/index.php?rest_route=\/wp\/v2\/posts"}],"about":[{"href":"https:\/\/www.egemtv.com\/index.php?rest_route=\/wp\/v2\/types\/post"}],"author":[{"embeddable":true,"href":"https:\/\/www.egemtv.com\/index.php?rest_route=\/wp\/v2\/users\/1"}],"replies":[{"embeddable":true,"href":"https:\/\/www.egemtv.com\/index.php?rest_route=%2Fwp%2Fv2%2Fcomments&post=57206"}],"version-history":[{"count":1,"href":"https:\/\/www.egemtv.com\/index.php?rest_route=\/wp\/v2\/posts\/57206\/revisions"}],"predecessor-version":[{"id":57208,"href":"https:\/\/www.egemtv.com\/index.php?rest_route=\/wp\/v2\/posts\/57206\/revisions\/57208"}],"wp:featuredmedia":[{"embeddable":true,"href":"https:\/\/www.egemtv.com\/index.php?rest_route=\/wp\/v2\/media\/57207"}],"wp:attachment":[{"href":"https:\/\/www.egemtv.com\/index.php?rest_route=%2Fwp%2Fv2%2Fmedia&parent=57206"}],"wp:term":[{"taxonomy":"category","embeddable":true,"href":"https:\/\/www.egemtv.com\/index.php?rest_route=%2Fwp%2Fv2%2Fcategories&post=57206"},{"taxonomy":"post_tag","embeddable":true,"href":"https:\/\/www.egemtv.com\/index.php?rest_route=%2Fwp%2Fv2%2Ftags&post=57206"}],"curies":[{"name":"wp","href":"https:\/\/api.w.org\/{rel}","templated":true}]}}