{"id":57200,"date":"2025-09-25T11:14:50","date_gmt":"2025-09-25T08:14:50","guid":{"rendered":"https:\/\/www.egemtv.com\/?p=57200"},"modified":"2025-09-25T11:14:52","modified_gmt":"2025-09-25T08:14:52","slug":"denizli-idmanyurdu-lider-usak-spor-ile-oynayacagi-macin-hazirliklarini-surduruyor","status":"publish","type":"post","link":"https:\/\/www.egemtv.com\/?p=57200","title":{"rendered":"Denizli \u0130dmanyurdu, lider U\u015fak Spor ile oynayaca\u011f\u0131 ma\u00e7\u0131n haz\u0131rl\u0131klar\u0131n\u0131 s\u00fcrd\u00fcr\u00fcyor"},"content":{"rendered":"<p>TFF 3. Lig 4. Grup 4. haftas\u0131nda deplasmanda lider U\u015fak Spor ile kar\u015f\u0131la\u015facak olan Denizli \u0130dmanyurdu, ma\u00e7\u0131n haz\u0131rl\u0131klar\u0131n\u0131 s\u00fcrd\u00fcr\u00fcyor. Teknik Sorumlu \u00d6zcan Sert, U\u015fak\u2019\u0131n g\u00fc\u00e7l\u00fc bir tak\u0131m oldu\u011funu ancak m\u00fcsabakadan galip ayr\u0131lmak istediklerini s\u00f6yledi.<br \/>\n<br \/>TFF 3. Lig 4. Grup\u2019ta geride 3 haftada toplad\u0131\u011f\u0131 7 puanla 3. s\u0131rada bulunan Denizli \u0130dmanyurdu, gelecek hafta oynayaca\u011f\u0131 U\u015fak Spor ma\u00e7\u0131na 3 puan parolas\u0131yla haz\u0131rlan\u0131yor. Do\u011fan Seyfi Atl\u0131 Stad\u0131\u2019nda sabah yap\u0131lan ve yakla\u015f\u0131k 2 saat s\u00fcren antrenman\u0131 Futbol \u015eube Sorumlusu As\u0131m Ergun ve Y\u00f6netici Taner G\u00fcven de izledi ve futbolculara ba\u015far\u0131lar diledi.<\/p>\n<p>&#8220;Sezona iyi ba\u015flad\u0131k&#8221;<br \/>\n<br \/>Geride kalan 3 haftay\u0131 ve U\u015fak Spor kar\u015f\u0131la\u015fmas\u0131n\u0131 de\u011ferlendiren Teknik Sorumlu \u00d6zcan Sert, lige iyi bir ba\u015flang\u0131\u00e7 yapt\u0131klar\u0131n\u0131 belirterek, &#8220;3 haftay\u0131 geride b\u0131rakt\u0131k. Bu 3 haftada 7 puan toplad\u0131k. Ba\u015far\u0131 ortalamam\u0131z y\u00fcksek.  \u0130yi ba\u015flad\u0131k iyi de s\u00fcrd\u00fcrmek istiyoruz. Ancak ben her zaman \u015funu s\u00f6yledim. Toplad\u0131\u011f\u0131m\u0131z puanlardan ziyade yeni olu\u015fan bir kadro olarak bunu ba\u015farmam\u0131z \u00f6nemli. Yeni lige \u00e7\u0131km\u0131\u015f bir tak\u0131m\u0131z. Buraya \u00e7abuk adapte olmalar\u0131 belli bir oyun g\u00fcc\u00fc olu\u015fturmalar\u0131, oyunumuzun geli\u015fiyor olmas\u0131 bize sportif saha sonu\u00e7lar\u0131ndan daha \u00e7ok mutluluk veriyor. Ama bunun yan\u0131nda bunlar geli\u015firken saha sonu\u00e7lar\u0131n\u0131 da almak, aile birlikteli\u011fini art\u0131rmak m\u00fccadele ve oyun g\u00fcc\u00fcn\u00fc y\u00fckseltmek bizi daha da mutlu ediyor. \u0130n\u015fallah devam eden s\u00fcre\u00e7te de hem h\u00fccum hem savunma anlam\u0131nda da hem de genel oyun anlam\u0131nda  daha da geli\u015fim g\u00f6stererek futbolcu karde\u015flerimiz gerekeni yapacaklard\u0131r. U\u015fak \u00e7ok ciddi bir rakip. Hem kadro derinli\u011fi a\u00e7\u0131s\u0131nda hem de kadro tecr\u00fcbesi anlam\u0131nda. Y\u0131llard\u0131r bu liglerde ve daha \u00fcst liglerde oynam\u0131\u015f camia. Bu hafta deplasmanda bizi kalabal\u0131k bir seyirci de bekliyor. Ama bu tarz daha \u00e7ok seyircili ma\u00e7larda atmosfer \u00e7ok daha farkl\u0131 oluyor. Gen\u00e7 arkada\u015flar\u0131m\u0131z\u0131 karde\u015flerimizi o ma\u00e7lara haz\u0131rlayaca\u011f\u0131z&#8221; diye konu\u015ftu.<\/p>\n<p>&#8220;U\u015fak\u2019a kazanmak i\u00e7in gidece\u011fiz&#8221;<br \/>\n<br \/>U\u015fak\u2019\u0131n grup lideri oldu\u011funa dikkat \u00e7eken Sert, &#8220;3 ma\u00e7ta 8 gol at\u0131p, hi\u00e7 gol yemeyen bir rakip ile oynayaca\u011f\u0131z. Grubumuzun lideri. Ge\u00e7en hafta Ayval\u0131kg\u00fcc\u00fc gibi zorlu bir deplasmandan 3 puanla \u00e7\u0131kmay\u0131 ba\u015fard\u0131lar. O konuda gerekli analizleri, \u00e7al\u0131\u015fmalar\u0131 yap\u0131p son derece ciddi bir \u015fekilde haz\u0131rlan\u0131p m\u00fcsabakaya \u00e7\u0131kaca\u011f\u0131z. \u0130n\u015fallah orada da kazanarak \u00e7\u0131k\u0131\u015f\u0131m\u0131z\u0131 devam ettirmek istiyoruz&#8221; ifadelerini kulland\u0131.<br \/><\/p>\n","protected":false},"excerpt":{"rendered":"<p>TFF 3. Lig 4. Grup 4. haftas\u0131nda deplasmanda lider U\u015fak Spor ile kar\u015f\u0131la\u015facak olan Denizli \u0130dmanyurdu, ma\u00e7\u0131n haz\u0131rl\u0131klar\u0131n\u0131 s\u00fcrd\u00fcr\u00fcyor. Teknik Sorumlu \u00d6zcan Sert, U\u015fak\u2019\u0131n g\u00fc\u00e7l\u00fc bir tak\u0131m oldu\u011funu ancak m\u00fcsabakadan galip ayr\u0131lmak istediklerini s\u00f6yledi. TFF 3. Lig 4. Grup\u2019ta geride 3 haftada toplad\u0131\u011f\u0131 7 puanla 3. s\u0131rada bulunan Denizli \u0130dmanyurdu, gelecek hafta oynayaca\u011f\u0131 U\u015fak Spor&#8230;<\/p>\n","protected":false},"author":1,"featured_media":57201,"comment_status":"open","ping_status":"open","sticky":false,"template":"","format":"standard","meta":{"_crdt_document":"","footnotes":""},"categories":[4],"tags":[],"class_list":["post-57200","post","type-post","status-publish","format-standard","has-post-thumbnail","hentry","category-spor"],"_links":{"self":[{"href":"https:\/\/www.egemtv.com\/index.php?rest_route=\/wp\/v2\/posts\/57200","targetHints":{"allow":["GET"]}}],"collection":[{"href":"https:\/\/www.egemtv.com\/index.php?rest_route=\/wp\/v2\/posts"}],"about":[{"href":"https:\/\/www.egemtv.com\/index.php?rest_route=\/wp\/v2\/types\/post"}],"author":[{"embeddable":true,"href":"https:\/\/www.egemtv.com\/index.php?rest_route=\/wp\/v2\/users\/1"}],"replies":[{"embeddable":true,"href":"https:\/\/www.egemtv.com\/index.php?rest_route=%2Fwp%2Fv2%2Fcomments&post=57200"}],"version-history":[{"count":1,"href":"https:\/\/www.egemtv.com\/index.php?rest_route=\/wp\/v2\/posts\/57200\/revisions"}],"predecessor-version":[{"id":57202,"href":"https:\/\/www.egemtv.com\/index.php?rest_route=\/wp\/v2\/posts\/57200\/revisions\/57202"}],"wp:featuredmedia":[{"embeddable":true,"href":"https:\/\/www.egemtv.com\/index.php?rest_route=\/wp\/v2\/media\/57201"}],"wp:attachment":[{"href":"https:\/\/www.egemtv.com\/index.php?rest_route=%2Fwp%2Fv2%2Fmedia&parent=57200"}],"wp:term":[{"taxonomy":"category","embeddable":true,"href":"https:\/\/www.egemtv.com\/index.php?rest_route=%2Fwp%2Fv2%2Fcategories&post=57200"},{"taxonomy":"post_tag","embeddable":true,"href":"https:\/\/www.egemtv.com\/index.php?rest_route=%2Fwp%2Fv2%2Ftags&post=57200"}],"curies":[{"name":"wp","href":"https:\/\/api.w.org\/{rel}","templated":true}]}}