{"id":57197,"date":"2025-09-25T11:14:49","date_gmt":"2025-09-25T08:14:49","guid":{"rendered":"https:\/\/www.egemtv.com\/?p=57197"},"modified":"2025-09-25T11:14:50","modified_gmt":"2025-09-25T08:14:50","slug":"aycicek-alim-fiyatlari-aciklandi","status":"publish","type":"post","link":"https:\/\/www.egemtv.com\/?p=57197","title":{"rendered":"Ay\u00e7i\u00e7ek al\u0131m fiyatlar\u0131 a\u00e7\u0131kland\u0131"},"content":{"rendered":"<p>Y\u00fczde 40 ya\u011f oran\u0131na sahip ay\u00e7i\u00e7ekleri i\u00e7in al\u0131m fiyatlar\u0131n\u0131 28,50 TL olarak a\u00e7\u0131klad\u0131.<\/p>\n<p>S.S. Tari\u015f Pamuk ve Ya\u011fl\u0131 Tohumlar Tar\u0131m Sat\u0131\u015f Kooperatifleri Birli\u011fi, ay\u00e7i\u00e7ek al\u0131m fiyatlar\u0131n\u0131 g\u00fcncelledi. Birlik taraf\u0131ndan yap\u0131lan a\u00e7\u0131klamada, y\u00fczde 40 ya\u011f oran\u0131na sahip ay\u00e7i\u00e7ekleri i\u00e7in al\u0131m fiyat\u0131n\u0131n 28,50 TL olarak belirlendi\u011fi duyuruldu. A\u00e7\u0131klamada ayr\u0131ca, \u00fcreticilere nakliye \u00f6demesinin de yap\u0131laca\u011f\u0131 belirtilerek, karar ay\u00e7i\u00e7ek piyasas\u0131na duyuruldu. S.S. Tari\u015f Pamuk ve Ya\u011fl\u0131 Tohumlar Tar\u0131m Sat\u0131\u015f Kooperatifleri Birli\u011fi Y\u00f6netim Kurulu Ad\u0131na Y\u00f6netim Kurulu Ba\u015fkan\u0131 Faruk Ayd\u0131n ad\u0131yla yap\u0131lan a\u00e7\u0131klamada &#8220;Ay\u00e7i\u00e7ek \u00c7ekirde\u011fi Al\u0131m Fiyat\u0131m\u0131z 23 Eyl\u00fcl 2025 tarihi itibariyle y\u00fczde 40 ya\u011f oran\u0131na sahip ay\u00e7i\u00e7ekleri i\u00e7in 28,50 TL + nakliye \u00f6demesi \u015feklinde g\u00fcncellenmi\u015ftir&#8221; ifadeleri yer ald\u0131.<br \/><\/p>\n","protected":false},"excerpt":{"rendered":"<p>Y\u00fczde 40 ya\u011f oran\u0131na sahip ay\u00e7i\u00e7ekleri i\u00e7in al\u0131m fiyatlar\u0131n\u0131 28,50 TL olarak a\u00e7\u0131klad\u0131. S.S. Tari\u015f Pamuk ve Ya\u011fl\u0131 Tohumlar Tar\u0131m Sat\u0131\u015f Kooperatifleri Birli\u011fi, ay\u00e7i\u00e7ek al\u0131m fiyatlar\u0131n\u0131 g\u00fcncelledi. Birlik taraf\u0131ndan yap\u0131lan a\u00e7\u0131klamada, y\u00fczde 40 ya\u011f oran\u0131na sahip ay\u00e7i\u00e7ekleri i\u00e7in al\u0131m fiyat\u0131n\u0131n 28,50 TL olarak belirlendi\u011fi duyuruldu. A\u00e7\u0131klamada ayr\u0131ca, \u00fcreticilere nakliye \u00f6demesinin de yap\u0131laca\u011f\u0131 belirtilerek, karar ay\u00e7i\u00e7ek&#8230;<\/p>\n","protected":false},"author":1,"featured_media":57198,"comment_status":"open","ping_status":"open","sticky":false,"template":"","format":"standard","meta":{"_crdt_document":"","footnotes":""},"categories":[125],"tags":[],"class_list":["post-57197","post","type-post","status-publish","format-standard","has-post-thumbnail","hentry","category-ekonomi"],"_links":{"self":[{"href":"https:\/\/www.egemtv.com\/index.php?rest_route=\/wp\/v2\/posts\/57197","targetHints":{"allow":["GET"]}}],"collection":[{"href":"https:\/\/www.egemtv.com\/index.php?rest_route=\/wp\/v2\/posts"}],"about":[{"href":"https:\/\/www.egemtv.com\/index.php?rest_route=\/wp\/v2\/types\/post"}],"author":[{"embeddable":true,"href":"https:\/\/www.egemtv.com\/index.php?rest_route=\/wp\/v2\/users\/1"}],"replies":[{"embeddable":true,"href":"https:\/\/www.egemtv.com\/index.php?rest_route=%2Fwp%2Fv2%2Fcomments&post=57197"}],"version-history":[{"count":1,"href":"https:\/\/www.egemtv.com\/index.php?rest_route=\/wp\/v2\/posts\/57197\/revisions"}],"predecessor-version":[{"id":57199,"href":"https:\/\/www.egemtv.com\/index.php?rest_route=\/wp\/v2\/posts\/57197\/revisions\/57199"}],"wp:featuredmedia":[{"embeddable":true,"href":"https:\/\/www.egemtv.com\/index.php?rest_route=\/wp\/v2\/media\/57198"}],"wp:attachment":[{"href":"https:\/\/www.egemtv.com\/index.php?rest_route=%2Fwp%2Fv2%2Fmedia&parent=57197"}],"wp:term":[{"taxonomy":"category","embeddable":true,"href":"https:\/\/www.egemtv.com\/index.php?rest_route=%2Fwp%2Fv2%2Fcategories&post=57197"},{"taxonomy":"post_tag","embeddable":true,"href":"https:\/\/www.egemtv.com\/index.php?rest_route=%2Fwp%2Fv2%2Ftags&post=57197"}],"curies":[{"name":"wp","href":"https:\/\/api.w.org\/{rel}","templated":true}]}}