{"id":57191,"date":"2025-09-25T11:14:47","date_gmt":"2025-09-25T08:14:47","guid":{"rendered":"https:\/\/www.egemtv.com\/?p=57191"},"modified":"2025-09-25T11:14:48","modified_gmt":"2025-09-25T08:14:48","slug":"kontrolden-cikan-otomobil-agaclara-carparak-durabildi-genc-surucu-yaralandi","status":"publish","type":"post","link":"https:\/\/www.egemtv.com\/?p=57191","title":{"rendered":"Kontrolden \u00e7\u0131kan otomobil a\u011fa\u00e7lara \u00e7arparak durabildi, gen\u00e7 s\u00fcr\u00fcc\u00fc yaraland\u0131"},"content":{"rendered":"<p>Isparta\u2019da kontrolden \u00e7\u0131kan otomobil ref\u00fcjdeki a\u011fa\u00e7lara \u00e7arpt\u0131. Kazada ara\u00e7ta s\u0131k\u0131\u015fan s\u00fcr\u00fcc\u00fc itfaiye ekipleri taraf\u0131ndan kurtar\u0131ld\u0131.<br \/>\n<br \/>Kaza, d\u00fcn ak\u015fam saatlerinde \u00c7\u00fcn\u00fcr mahallesi, 102. cadde \u00fczerinde, \u0130l Emniyet M\u00fcd\u00fcrl\u00fc\u011f\u00fc \u00f6n\u00fcnde meydana geldi. Edinilen bilgilere g\u00f6re, Osman Y. (21) y\u00f6netimindeki 32 UC 521 plakal\u0131 Fiat marka otomobil, s\u00fcr\u00fcc\u00fcs\u00fcn\u00fcn direksiyon hakimiyetini kaybetmesi sonucu kontrolden \u00e7\u0131karak ref\u00fcjde bulunan a\u011fa\u00e7lara \u00e7arpt\u0131. \u00c7arpman\u0131n etkisiyle ara\u00e7ta s\u0131k\u0131\u015fan s\u00fcr\u00fcc\u00fc yaraland\u0131. \u00c7evredeki vatanda\u015flar\u0131n ihbar\u0131 \u00fczerine olay yerine itfaiye, sa\u011fl\u0131k ve polis ekipleri sevk edildi. Otomobilde s\u0131k\u0131\u015fan s\u00fcr\u00fcc\u00fc itfaiye ekiplerinin \u00e7al\u0131\u015fmas\u0131 sonucu bulundu\u011fu yerden \u00e7\u0131kar\u0131larak sa\u011fl\u0131k ekiplerinin ilk m\u00fcdahalesinin ard\u0131ndan hastaneye kald\u0131r\u0131ld\u0131. Olayla ilgili inceleme ba\u015flat\u0131ld\u0131.<br \/><\/p>\n","protected":false},"excerpt":{"rendered":"<p>Isparta\u2019da kontrolden \u00e7\u0131kan otomobil ref\u00fcjdeki a\u011fa\u00e7lara \u00e7arpt\u0131. Kazada ara\u00e7ta s\u0131k\u0131\u015fan s\u00fcr\u00fcc\u00fc itfaiye ekipleri taraf\u0131ndan kurtar\u0131ld\u0131. Kaza, d\u00fcn ak\u015fam saatlerinde \u00c7\u00fcn\u00fcr mahallesi, 102. cadde \u00fczerinde, \u0130l Emniyet M\u00fcd\u00fcrl\u00fc\u011f\u00fc \u00f6n\u00fcnde meydana geldi. Edinilen bilgilere g\u00f6re, Osman Y. (21) y\u00f6netimindeki 32 UC 521 plakal\u0131 Fiat marka otomobil, s\u00fcr\u00fcc\u00fcs\u00fcn\u00fcn direksiyon hakimiyetini kaybetmesi sonucu kontrolden \u00e7\u0131karak ref\u00fcjde bulunan a\u011fa\u00e7lara \u00e7arpt\u0131&#8230;.<\/p>\n","protected":false},"author":1,"featured_media":57192,"comment_status":"open","ping_status":"open","sticky":false,"template":"","format":"standard","meta":{"_crdt_document":"","footnotes":""},"categories":[5],"tags":[],"class_list":["post-57191","post","type-post","status-publish","format-standard","has-post-thumbnail","hentry","category-asayis"],"_links":{"self":[{"href":"https:\/\/www.egemtv.com\/index.php?rest_route=\/wp\/v2\/posts\/57191","targetHints":{"allow":["GET"]}}],"collection":[{"href":"https:\/\/www.egemtv.com\/index.php?rest_route=\/wp\/v2\/posts"}],"about":[{"href":"https:\/\/www.egemtv.com\/index.php?rest_route=\/wp\/v2\/types\/post"}],"author":[{"embeddable":true,"href":"https:\/\/www.egemtv.com\/index.php?rest_route=\/wp\/v2\/users\/1"}],"replies":[{"embeddable":true,"href":"https:\/\/www.egemtv.com\/index.php?rest_route=%2Fwp%2Fv2%2Fcomments&post=57191"}],"version-history":[{"count":1,"href":"https:\/\/www.egemtv.com\/index.php?rest_route=\/wp\/v2\/posts\/57191\/revisions"}],"predecessor-version":[{"id":57193,"href":"https:\/\/www.egemtv.com\/index.php?rest_route=\/wp\/v2\/posts\/57191\/revisions\/57193"}],"wp:featuredmedia":[{"embeddable":true,"href":"https:\/\/www.egemtv.com\/index.php?rest_route=\/wp\/v2\/media\/57192"}],"wp:attachment":[{"href":"https:\/\/www.egemtv.com\/index.php?rest_route=%2Fwp%2Fv2%2Fmedia&parent=57191"}],"wp:term":[{"taxonomy":"category","embeddable":true,"href":"https:\/\/www.egemtv.com\/index.php?rest_route=%2Fwp%2Fv2%2Fcategories&post=57191"},{"taxonomy":"post_tag","embeddable":true,"href":"https:\/\/www.egemtv.com\/index.php?rest_route=%2Fwp%2Fv2%2Ftags&post=57191"}],"curies":[{"name":"wp","href":"https:\/\/api.w.org\/{rel}","templated":true}]}}