{"id":57188,"date":"2025-09-25T10:54:59","date_gmt":"2025-09-25T07:54:59","guid":{"rendered":"https:\/\/www.egemtv.com\/?p=57188"},"modified":"2025-09-25T10:55:00","modified_gmt":"2025-09-25T07:55:00","slug":"belediyedeki-mesai-arkadasini-olduren-sahis-tutuklandi","status":"publish","type":"post","link":"https:\/\/www.egemtv.com\/?p=57188","title":{"rendered":"Belediyedeki mesai arkada\u015f\u0131n\u0131 \u00f6ld\u00fcren \u015fah\u0131s tutukland\u0131"},"content":{"rendered":"<p>Afyonkarahisar\u2019\u0131n Sand\u0131kl\u0131 il\u00e7esinde asfalt serimi esnas\u0131nda ya\u015fanan b\u0131\u00e7akl\u0131 kavgada 41 ya\u015f\u0131ndaki mesai arkada\u015f\u0131n\u0131 \u00f6ld\u00fcren zanl\u0131 tutuklanarak cezaevine g\u00f6nderildi.<br \/>\n<br \/>Olay, Sand\u0131kl\u0131 il\u00e7esi K\u0131rkp\u0131nar mevkii civar\u0131nda meydana geldi. Edinilen bilgilere g\u00f6re, Sand\u0131kl\u0131 Belediyesi taraf\u0131ndan b\u00f6lgede asfalt serimi yap\u0131ld\u0131\u011f\u0131 esnada \u00e7al\u0131\u015fanlardan S.K. ile U\u011fur \u015e. (41) aras\u0131nda bilinmeyen bir nedenle tart\u0131\u015fma \u00e7\u0131kt\u0131. Tart\u0131\u015fman\u0131n kavgaya d\u00f6n\u00fc\u015fmesi \u00fczerine S.K., U\u011fur \u015e.\u2019yi b\u0131\u00e7aklad\u0131. Ald\u0131\u011f\u0131 b\u0131\u00e7ak darbeleri ile kanlar i\u00e7inde kalan U\u011fur \u015e., di\u011fer mesai arkada\u015flar\u0131n\u0131n haber vermesi \u00fczerine olay yerine gelen ambulansla hastaneye kald\u0131r\u0131ld\u0131. U\u011fur \u015e., yap\u0131lan m\u00fcdahaleye ra\u011fmen ya\u015fam\u0131n\u0131 yitirdi.<br \/>\n<br \/>Olay\u0131n ard\u0131ndan g\u00f6zalt\u0131na al\u0131nan S.K., jandarmadaki i\u015flemleri sonras\u0131 sevk edildi\u011fi mahkeme taraf\u0131ndan tutuklanarak cezaevine g\u00f6nderildi.<br \/><\/p>\n","protected":false},"excerpt":{"rendered":"<p>Afyonkarahisar\u2019\u0131n Sand\u0131kl\u0131 il\u00e7esinde asfalt serimi esnas\u0131nda ya\u015fanan b\u0131\u00e7akl\u0131 kavgada 41 ya\u015f\u0131ndaki mesai arkada\u015f\u0131n\u0131 \u00f6ld\u00fcren zanl\u0131 tutuklanarak cezaevine g\u00f6nderildi. Olay, Sand\u0131kl\u0131 il\u00e7esi K\u0131rkp\u0131nar mevkii civar\u0131nda meydana geldi. Edinilen bilgilere g\u00f6re, Sand\u0131kl\u0131 Belediyesi taraf\u0131ndan b\u00f6lgede asfalt serimi yap\u0131ld\u0131\u011f\u0131 esnada \u00e7al\u0131\u015fanlardan S.K. ile U\u011fur \u015e. (41) aras\u0131nda bilinmeyen bir nedenle tart\u0131\u015fma \u00e7\u0131kt\u0131. Tart\u0131\u015fman\u0131n kavgaya d\u00f6n\u00fc\u015fmesi \u00fczerine S.K., U\u011fur&#8230;<\/p>\n","protected":false},"author":1,"featured_media":57189,"comment_status":"open","ping_status":"open","sticky":false,"template":"","format":"standard","meta":{"_crdt_document":"","footnotes":""},"categories":[5],"tags":[],"class_list":["post-57188","post","type-post","status-publish","format-standard","has-post-thumbnail","hentry","category-asayis"],"_links":{"self":[{"href":"https:\/\/www.egemtv.com\/index.php?rest_route=\/wp\/v2\/posts\/57188","targetHints":{"allow":["GET"]}}],"collection":[{"href":"https:\/\/www.egemtv.com\/index.php?rest_route=\/wp\/v2\/posts"}],"about":[{"href":"https:\/\/www.egemtv.com\/index.php?rest_route=\/wp\/v2\/types\/post"}],"author":[{"embeddable":true,"href":"https:\/\/www.egemtv.com\/index.php?rest_route=\/wp\/v2\/users\/1"}],"replies":[{"embeddable":true,"href":"https:\/\/www.egemtv.com\/index.php?rest_route=%2Fwp%2Fv2%2Fcomments&post=57188"}],"version-history":[{"count":1,"href":"https:\/\/www.egemtv.com\/index.php?rest_route=\/wp\/v2\/posts\/57188\/revisions"}],"predecessor-version":[{"id":57190,"href":"https:\/\/www.egemtv.com\/index.php?rest_route=\/wp\/v2\/posts\/57188\/revisions\/57190"}],"wp:featuredmedia":[{"embeddable":true,"href":"https:\/\/www.egemtv.com\/index.php?rest_route=\/wp\/v2\/media\/57189"}],"wp:attachment":[{"href":"https:\/\/www.egemtv.com\/index.php?rest_route=%2Fwp%2Fv2%2Fmedia&parent=57188"}],"wp:term":[{"taxonomy":"category","embeddable":true,"href":"https:\/\/www.egemtv.com\/index.php?rest_route=%2Fwp%2Fv2%2Fcategories&post=57188"},{"taxonomy":"post_tag","embeddable":true,"href":"https:\/\/www.egemtv.com\/index.php?rest_route=%2Fwp%2Fv2%2Ftags&post=57188"}],"curies":[{"name":"wp","href":"https:\/\/api.w.org\/{rel}","templated":true}]}}