{"id":57185,"date":"2025-09-25T10:54:58","date_gmt":"2025-09-25T07:54:58","guid":{"rendered":"https:\/\/www.egemtv.com\/?p=57185"},"modified":"2025-09-25T10:54:59","modified_gmt":"2025-09-25T07:54:59","slug":"germencik-belediyesinin-10-bin-tl-hediye-ceki-sahibini-buldu","status":"publish","type":"post","link":"https:\/\/www.egemtv.com\/?p=57185","title":{"rendered":"Germencik Belediyesi\u2019nin 10 bin TL hediye \u00e7eki sahibini buldu"},"content":{"rendered":"<p>Germencik Belediyesi taraf\u0131ndan ger\u00e7ekle\u015ftirilen 21. \u0130ncir Festivali kapsam\u0131nda balon ile g\u00f6ky\u00fcz\u00fcne b\u0131rak\u0131lan 10 bin TL\u2019lik hediye \u00e7eki sahibini buldu. Hediye \u00e7eki Kuyucak il\u00e7esinde k\u0131rsalda hayvan otlatan bir kad\u0131n taraf\u0131ndan bulundu.<\/p>\n<p>Bu y\u0131l 21\u2019incisi d\u00fczenlenen Germencik \u0130ncir Festivali co\u015fkulu ba\u015flad\u0131. Festivalin a\u00e7\u0131l\u0131\u015f\u0131nda kortej y\u00fcr\u00fcy\u00fc\u015f\u00fc yap\u0131l\u0131p vatanda\u015flara incir ikram edildi. A\u00e7\u0131l\u0131\u015f kurdelesi e\u015fli\u011finde g\u00f6ky\u00fcz\u00fcne \u00fczerinde 10 bin TL hediye \u00e7eki bulunan balon u\u00e7uruldu. Balon k\u0131sa s\u00fcrede g\u00f6zlerden kayboldu. Germencik Belediye Ba\u015fkan\u0131 Burak Zencirci, balonu bulup hediye \u00e7ekini belediyeye getirene 10 bin TL verilece\u011fini a\u00e7\u0131klam\u0131\u015ft\u0131. Balon Kuyucak il\u00e7esinin Pamucak Mahallesi\u2019nde ke\u00e7i otlatan Hatice D\u00fcztepe taraf\u0131ndan bulundu. 10 Bin TL hediye \u00e7ekini bulan talihli, Germencik Belediyesine gidip hediyesini alacak.<br \/><\/p>\n","protected":false},"excerpt":{"rendered":"<p>Germencik Belediyesi taraf\u0131ndan ger\u00e7ekle\u015ftirilen 21. \u0130ncir Festivali kapsam\u0131nda balon ile g\u00f6ky\u00fcz\u00fcne b\u0131rak\u0131lan 10 bin TL\u2019lik hediye \u00e7eki sahibini buldu. Hediye \u00e7eki Kuyucak il\u00e7esinde k\u0131rsalda hayvan otlatan bir kad\u0131n taraf\u0131ndan bulundu. Bu y\u0131l 21\u2019incisi d\u00fczenlenen Germencik \u0130ncir Festivali co\u015fkulu ba\u015flad\u0131. Festivalin a\u00e7\u0131l\u0131\u015f\u0131nda kortej y\u00fcr\u00fcy\u00fc\u015f\u00fc yap\u0131l\u0131p vatanda\u015flara incir ikram edildi. A\u00e7\u0131l\u0131\u015f kurdelesi e\u015fli\u011finde g\u00f6ky\u00fcz\u00fcne \u00fczerinde 10 bin&#8230;<\/p>\n","protected":false},"author":1,"featured_media":57186,"comment_status":"open","ping_status":"open","sticky":false,"template":"","format":"standard","meta":{"_crdt_document":"","footnotes":""},"categories":[1],"tags":[],"class_list":["post-57185","post","type-post","status-publish","format-standard","has-post-thumbnail","hentry","category-guncel"],"_links":{"self":[{"href":"https:\/\/www.egemtv.com\/index.php?rest_route=\/wp\/v2\/posts\/57185","targetHints":{"allow":["GET"]}}],"collection":[{"href":"https:\/\/www.egemtv.com\/index.php?rest_route=\/wp\/v2\/posts"}],"about":[{"href":"https:\/\/www.egemtv.com\/index.php?rest_route=\/wp\/v2\/types\/post"}],"author":[{"embeddable":true,"href":"https:\/\/www.egemtv.com\/index.php?rest_route=\/wp\/v2\/users\/1"}],"replies":[{"embeddable":true,"href":"https:\/\/www.egemtv.com\/index.php?rest_route=%2Fwp%2Fv2%2Fcomments&post=57185"}],"version-history":[{"count":1,"href":"https:\/\/www.egemtv.com\/index.php?rest_route=\/wp\/v2\/posts\/57185\/revisions"}],"predecessor-version":[{"id":57187,"href":"https:\/\/www.egemtv.com\/index.php?rest_route=\/wp\/v2\/posts\/57185\/revisions\/57187"}],"wp:featuredmedia":[{"embeddable":true,"href":"https:\/\/www.egemtv.com\/index.php?rest_route=\/wp\/v2\/media\/57186"}],"wp:attachment":[{"href":"https:\/\/www.egemtv.com\/index.php?rest_route=%2Fwp%2Fv2%2Fmedia&parent=57185"}],"wp:term":[{"taxonomy":"category","embeddable":true,"href":"https:\/\/www.egemtv.com\/index.php?rest_route=%2Fwp%2Fv2%2Fcategories&post=57185"},{"taxonomy":"post_tag","embeddable":true,"href":"https:\/\/www.egemtv.com\/index.php?rest_route=%2Fwp%2Fv2%2Ftags&post=57185"}],"curies":[{"name":"wp","href":"https:\/\/api.w.org\/{rel}","templated":true}]}}