{"id":57179,"date":"2025-09-25T10:54:56","date_gmt":"2025-09-25T07:54:56","guid":{"rendered":"https:\/\/www.egemtv.com\/?p=57179"},"modified":"2025-09-25T10:54:57","modified_gmt":"2025-09-25T07:54:57","slug":"mahalle-muhtarindan-ornek-davranis","status":"publish","type":"post","link":"https:\/\/www.egemtv.com\/?p=57179","title":{"rendered":"Mahalle muhtar\u0131ndan \u00f6rnek davran\u0131\u015f"},"content":{"rendered":"<p>Afyonkarahisar\u2019\u0131n Bolvadin il\u00e7esinde mahalle muhtar\u0131 mahallesinde yeni do\u011fan \u00e7ocuklar\u0131n ailelerini ve cenazesi olan evleri ziyaret ederek, hediye ve taziyelerini iletiyor.<br \/>\n<br \/>Ethem Kelek\u00e7i Mahallesi Muhtar\u0131 Ramazan G\u00fc\u00e7l\u00fc, vefat eden bir mahalle sakininin evine pide g\u00f6t\u00fcrerek taziye ziyaretinde bulundu. Ayn\u0131 g\u00fcn i\u00e7erisinde mahallede yeni do\u011fum yapan bir aileyi de ziyaret eden Muhtar G\u00fc\u00e7l\u00fc, aileye hediye takdim ederek mutluluklar\u0131na ortak oldu.<br \/>\n<br \/>Mahallede dayan\u0131\u015fma k\u00fclt\u00fcr\u00fcn\u00fc ya\u015fatmak ad\u0131na g\u00f6n\u00fcll\u00fc olarak bir\u00e7ok \u00e7al\u0131\u015fmaya imza atan G\u00fc\u00e7l\u00fc, yapt\u0131\u011f\u0131 a\u00e7\u0131klamada &#8220;Biz b\u00fcy\u00fck bir aileyiz. Ac\u0131m\u0131z\u0131 da sevincimizi de birlikte payla\u015fmak en b\u00fcy\u00fck sorumlulu\u011fumuz&#8221; dedi.<br \/><\/p>\n","protected":false},"excerpt":{"rendered":"<p>Afyonkarahisar\u2019\u0131n Bolvadin il\u00e7esinde mahalle muhtar\u0131 mahallesinde yeni do\u011fan \u00e7ocuklar\u0131n ailelerini ve cenazesi olan evleri ziyaret ederek, hediye ve taziyelerini iletiyor. Ethem Kelek\u00e7i Mahallesi Muhtar\u0131 Ramazan G\u00fc\u00e7l\u00fc, vefat eden bir mahalle sakininin evine pide g\u00f6t\u00fcrerek taziye ziyaretinde bulundu. Ayn\u0131 g\u00fcn i\u00e7erisinde mahallede yeni do\u011fum yapan bir aileyi de ziyaret eden Muhtar G\u00fc\u00e7l\u00fc, aileye hediye takdim ederek&#8230;<\/p>\n","protected":false},"author":1,"featured_media":57180,"comment_status":"open","ping_status":"open","sticky":false,"template":"","format":"standard","meta":{"_crdt_document":"","footnotes":""},"categories":[123],"tags":[],"class_list":["post-57179","post","type-post","status-publish","format-standard","has-post-thumbnail","hentry","category-gundem"],"_links":{"self":[{"href":"https:\/\/www.egemtv.com\/index.php?rest_route=\/wp\/v2\/posts\/57179","targetHints":{"allow":["GET"]}}],"collection":[{"href":"https:\/\/www.egemtv.com\/index.php?rest_route=\/wp\/v2\/posts"}],"about":[{"href":"https:\/\/www.egemtv.com\/index.php?rest_route=\/wp\/v2\/types\/post"}],"author":[{"embeddable":true,"href":"https:\/\/www.egemtv.com\/index.php?rest_route=\/wp\/v2\/users\/1"}],"replies":[{"embeddable":true,"href":"https:\/\/www.egemtv.com\/index.php?rest_route=%2Fwp%2Fv2%2Fcomments&post=57179"}],"version-history":[{"count":1,"href":"https:\/\/www.egemtv.com\/index.php?rest_route=\/wp\/v2\/posts\/57179\/revisions"}],"predecessor-version":[{"id":57181,"href":"https:\/\/www.egemtv.com\/index.php?rest_route=\/wp\/v2\/posts\/57179\/revisions\/57181"}],"wp:featuredmedia":[{"embeddable":true,"href":"https:\/\/www.egemtv.com\/index.php?rest_route=\/wp\/v2\/media\/57180"}],"wp:attachment":[{"href":"https:\/\/www.egemtv.com\/index.php?rest_route=%2Fwp%2Fv2%2Fmedia&parent=57179"}],"wp:term":[{"taxonomy":"category","embeddable":true,"href":"https:\/\/www.egemtv.com\/index.php?rest_route=%2Fwp%2Fv2%2Fcategories&post=57179"},{"taxonomy":"post_tag","embeddable":true,"href":"https:\/\/www.egemtv.com\/index.php?rest_route=%2Fwp%2Fv2%2Ftags&post=57179"}],"curies":[{"name":"wp","href":"https:\/\/api.w.org\/{rel}","templated":true}]}}