{"id":57176,"date":"2025-09-25T10:54:55","date_gmt":"2025-09-25T07:54:55","guid":{"rendered":"https:\/\/www.egemtv.com\/?p=57176"},"modified":"2025-09-25T10:54:56","modified_gmt":"2025-09-25T07:54:56","slug":"vali-isin-pazarlarda-yurutulen-projeler-ve-yatirimlari-inceledi","status":"publish","type":"post","link":"https:\/\/www.egemtv.com\/?p=57176","title":{"rendered":"Vali I\u015f\u0131n, Pazarlar\u2019da y\u00fcr\u00fct\u00fclen projeler ve yat\u0131r\u0131mlar\u0131 inceledi"},"content":{"rendered":"<p>K\u00fctahya Valisi Musa I\u015f\u0131n, il\u00e7e program\u0131 kapsam\u0131nda Pazarlar\u2019da \u00e7e\u015fitli ziyaret ve incelemelerde bulundu.<br \/>\n<br \/>Vali I\u015f\u0131n, ilk olarak Pazarlar Belediye Ba\u015fkan\u0131 Bilal Demirci\u2019yi makam\u0131nda ziyaret etti. Belediye Ba\u015fkan\u0131 Demirci, il\u00e7ede y\u00fcr\u00fct\u00fclen \u00e7al\u0131\u015fmalar, projeler ve planlanan yat\u0131r\u0131mlar hakk\u0131nda Vali I\u015f\u0131n\u2019a bilgi verdi. G\u00f6r\u00fc\u015fmede, belediyecilik hizmetlerinin geli\u015ftirilmesi ve halk\u0131n ihtiya\u00e7lar\u0131n\u0131n kar\u015f\u0131lanmas\u0131na y\u00f6nelik de\u011ferlendirmeler yap\u0131ld\u0131. Ziyarette il\u00e7e protokol\u00fc de haz\u0131r bulundu.<br \/>\n<br \/>Program\u0131na Kaymakaml\u0131k ziyaretiyle devam eden Vali Musa I\u015f\u0131n, Pazarlar Kaymakam\u0131 Alper A\u00e7\u0131kg\u00f6z\u2019\u00fc makam\u0131nda ziyaret etti. Kaymakam A\u00e7\u0131kg\u00f6z, il\u00e7ede y\u00fcr\u00fct\u00fclen projeler, yat\u0131r\u0131mlar ve ihtiya\u00e7 duyulan \u00e7al\u0131\u015fmalar hakk\u0131nda ayr\u0131nt\u0131l\u0131 bilgi sundu.<br \/>\n<br \/>Vali I\u015f\u0131n, il\u00e7e ziyareti kapsam\u0131nda yap\u0131m\u0131 devam eden \u00d6\u011fretmenevi ve Belediye Sosyal Tesisi in\u015faat\u0131nda da incelemelerde bulundu. \u00c7al\u0131\u015fmalar hakk\u0131nda yetkililerden bilgi alan Vali I\u015f\u0131n, in\u015faat\u0131n y\u0131l sonuna kadar tamamlanmas\u0131n\u0131n planland\u0131\u011f\u0131n\u0131 belirtti. Ayr\u0131ca tesisin \u00f6n\u00fcnde yap\u0131m\u0131 s\u00fcren park alan\u0131n\u0131 gezerek \u00e7evre d\u00fczenlemesine ili\u015fkin de\u011ferlendirmelerde bulundu.<br \/>\n<br \/>\u0130l\u00e7e merkezinde vatanda\u015flarla da bir araya gelen Vali Musa I\u015f\u0131n, hem sohbet etti hem de vatanda\u015flar\u0131n talep ve g\u00f6r\u00fc\u015flerini dinledi.<br \/><\/p>\n","protected":false},"excerpt":{"rendered":"<p>K\u00fctahya Valisi Musa I\u015f\u0131n, il\u00e7e program\u0131 kapsam\u0131nda Pazarlar\u2019da \u00e7e\u015fitli ziyaret ve incelemelerde bulundu. Vali I\u015f\u0131n, ilk olarak Pazarlar Belediye Ba\u015fkan\u0131 Bilal Demirci\u2019yi makam\u0131nda ziyaret etti. Belediye Ba\u015fkan\u0131 Demirci, il\u00e7ede y\u00fcr\u00fct\u00fclen \u00e7al\u0131\u015fmalar, projeler ve planlanan yat\u0131r\u0131mlar hakk\u0131nda Vali I\u015f\u0131n\u2019a bilgi verdi. G\u00f6r\u00fc\u015fmede, belediyecilik hizmetlerinin geli\u015ftirilmesi ve halk\u0131n ihtiya\u00e7lar\u0131n\u0131n kar\u015f\u0131lanmas\u0131na y\u00f6nelik de\u011ferlendirmeler yap\u0131ld\u0131. Ziyarette il\u00e7e protokol\u00fc de&#8230;<\/p>\n","protected":false},"author":1,"featured_media":57177,"comment_status":"open","ping_status":"open","sticky":false,"template":"","format":"standard","meta":{"_crdt_document":"","footnotes":""},"categories":[123],"tags":[],"class_list":["post-57176","post","type-post","status-publish","format-standard","has-post-thumbnail","hentry","category-gundem"],"_links":{"self":[{"href":"https:\/\/www.egemtv.com\/index.php?rest_route=\/wp\/v2\/posts\/57176","targetHints":{"allow":["GET"]}}],"collection":[{"href":"https:\/\/www.egemtv.com\/index.php?rest_route=\/wp\/v2\/posts"}],"about":[{"href":"https:\/\/www.egemtv.com\/index.php?rest_route=\/wp\/v2\/types\/post"}],"author":[{"embeddable":true,"href":"https:\/\/www.egemtv.com\/index.php?rest_route=\/wp\/v2\/users\/1"}],"replies":[{"embeddable":true,"href":"https:\/\/www.egemtv.com\/index.php?rest_route=%2Fwp%2Fv2%2Fcomments&post=57176"}],"version-history":[{"count":1,"href":"https:\/\/www.egemtv.com\/index.php?rest_route=\/wp\/v2\/posts\/57176\/revisions"}],"predecessor-version":[{"id":57178,"href":"https:\/\/www.egemtv.com\/index.php?rest_route=\/wp\/v2\/posts\/57176\/revisions\/57178"}],"wp:featuredmedia":[{"embeddable":true,"href":"https:\/\/www.egemtv.com\/index.php?rest_route=\/wp\/v2\/media\/57177"}],"wp:attachment":[{"href":"https:\/\/www.egemtv.com\/index.php?rest_route=%2Fwp%2Fv2%2Fmedia&parent=57176"}],"wp:term":[{"taxonomy":"category","embeddable":true,"href":"https:\/\/www.egemtv.com\/index.php?rest_route=%2Fwp%2Fv2%2Fcategories&post=57176"},{"taxonomy":"post_tag","embeddable":true,"href":"https:\/\/www.egemtv.com\/index.php?rest_route=%2Fwp%2Fv2%2Ftags&post=57176"}],"curies":[{"name":"wp","href":"https:\/\/api.w.org\/{rel}","templated":true}]}}