{"id":57173,"date":"2025-09-25T10:54:54","date_gmt":"2025-09-25T07:54:54","guid":{"rendered":"https:\/\/www.egemtv.com\/?p=57173"},"modified":"2025-09-25T10:54:55","modified_gmt":"2025-09-25T07:54:55","slug":"baskan-erol-osbmiz-tam-kapasiteye-ulasacak-istihdam-ve-yatirim-artacak","status":"publish","type":"post","link":"https:\/\/www.egemtv.com\/?p=57173","title":{"rendered":"Ba\u015fkan Erol: &#8220;OSB\u2019miz tam kapasiteye ula\u015facak, istihdam ve yat\u0131r\u0131m artacak&#8221;"},"content":{"rendered":"<p>Ayd\u0131n\u2019\u0131n Buharkent il\u00e7esinde yap\u0131m\u0131 devam eden Organize Sanayi B\u00f6lgesi Evsel ve End\u00fcstriyel At\u0131k Su Ar\u0131tma Tesisi\u2019nde \u00e7al\u0131\u015fmalar\u0131 yerinde inceleyen Buharkent Belediye Ba\u015fkan\u0131 Mehmet Erol; &#8220;Tesisimiz faaliyete ge\u00e7ti\u011finde OSB\u2019miz tam kapasiteye ula\u015facak, istihdam ve yat\u0131r\u0131m artacak&#8221; dedi.<\/p>\n<p>Sanayi ve Teknoloji Bakanl\u0131\u011f\u0131n\u0131n kredi deste\u011fi ile Buharkent Organize Sanayi B\u00f6lgesi M\u00fcte\u015febbis Heyetinin sorumlulu\u011fu alt\u0131nda yap\u0131lan Buharkent Organize Sanayi B\u00f6lgesi Evsel ve End\u00fcstriyel At\u0131k Su Ar\u0131tma Tesisi\u2019nde \u00e7al\u0131\u015fmalar h\u0131z kesmeden devam ediyor. G\u00fcnl\u00fck 2 bin metrek\u00fcp kapasiteye sahip olacak olan tesis alan\u0131nda incelemelerde bulunan Ba\u015fkan Erol, tesis ile birlikte OSB\u2019nin tam kapasiteye ula\u015faca\u011f\u0131n\u0131 belirtti. Tesisi ziyaret eden Sanayi ve Teknoloji Bakanl\u0131\u011f\u0131 Plan Proje ve Uygulama Genel M\u00fcd\u00fcr Yard\u0131mc\u0131s\u0131 Kemal K\u00f6ksal Ka\u015f\u0131k\u00e7\u0131, Altyap\u0131 Uygulama Daire Ba\u015fkan\u0131 Erc\u00fcment \u015eenbaba\u2019y\u0131 \u00e7al\u0131\u015fmalar hakk\u0131nda bilgilendiren Buharkent Belediye Ba\u015fkan\u0131 ve OSB Y\u00f6netim Kurulu Ba\u015fkan\u0131 Mehmet Erol, Buharkent\u2019in y\u00fckseli\u015finin devam etti\u011fini vurgulad\u0131.<\/p>\n<p>Tesisin hay\u0131rl\u0131 olmas\u0131 temennisinde bulunan ve faaliyete ge\u00e7mesi ile birlikte b\u00f6lgede istihdam ve yat\u0131r\u0131m\u0131n artaca\u011f\u0131n\u0131 ifade eden Ba\u015fkan Erol; &#8220;Sanayi ve Teknoloji Bakanl\u0131\u011f\u0131 Plan Proje ve Uygulama Genel M\u00fcd\u00fcr Yard\u0131mc\u0131m\u0131z Kemal K\u00f6ksal Ka\u015f\u0131k\u00e7\u0131, Altyap\u0131 Uygulama Daire Ba\u015fkan\u0131m\u0131z Erc\u00fcment \u015eenbaba, OSB M\u00fcd\u00fcr\u00fcm\u00fcz Ender Arslan ve y\u00fcklenici firma yetkililerimiz ile birlikte b\u00f6lgemizde yap\u0131m\u0131 devam eden At\u0131k Su Ar\u0131tma Tesisi in\u015faat alan\u0131nda incelemelerde bulunduk. Yap\u0131m\u0131 h\u0131zla devam eden tesisimiz faaliyete ge\u00e7ti\u011finde OSB\u2019miz tam kapasiteye ula\u015facak, istihdam ve yat\u0131r\u0131m artacak, s\u00fcrd\u00fcr\u00fclebilir \u00fcretim \u015fartlar\u0131 g\u00fc\u00e7lenecek&#8221; dedi.<br \/><\/p>\n","protected":false},"excerpt":{"rendered":"<p>Ayd\u0131n\u2019\u0131n Buharkent il\u00e7esinde yap\u0131m\u0131 devam eden Organize Sanayi B\u00f6lgesi Evsel ve End\u00fcstriyel At\u0131k Su Ar\u0131tma Tesisi\u2019nde \u00e7al\u0131\u015fmalar\u0131 yerinde inceleyen Buharkent Belediye Ba\u015fkan\u0131 Mehmet Erol; &#8220;Tesisimiz faaliyete ge\u00e7ti\u011finde OSB\u2019miz tam kapasiteye ula\u015facak, istihdam ve yat\u0131r\u0131m artacak&#8221; dedi. Sanayi ve Teknoloji Bakanl\u0131\u011f\u0131n\u0131n kredi deste\u011fi ile Buharkent Organize Sanayi B\u00f6lgesi M\u00fcte\u015febbis Heyetinin sorumlulu\u011fu alt\u0131nda yap\u0131lan Buharkent Organize Sanayi&#8230;<\/p>\n","protected":false},"author":1,"featured_media":57174,"comment_status":"open","ping_status":"open","sticky":false,"template":"","format":"standard","meta":{"_crdt_document":"","footnotes":""},"categories":[125],"tags":[],"class_list":["post-57173","post","type-post","status-publish","format-standard","has-post-thumbnail","hentry","category-ekonomi"],"_links":{"self":[{"href":"https:\/\/www.egemtv.com\/index.php?rest_route=\/wp\/v2\/posts\/57173","targetHints":{"allow":["GET"]}}],"collection":[{"href":"https:\/\/www.egemtv.com\/index.php?rest_route=\/wp\/v2\/posts"}],"about":[{"href":"https:\/\/www.egemtv.com\/index.php?rest_route=\/wp\/v2\/types\/post"}],"author":[{"embeddable":true,"href":"https:\/\/www.egemtv.com\/index.php?rest_route=\/wp\/v2\/users\/1"}],"replies":[{"embeddable":true,"href":"https:\/\/www.egemtv.com\/index.php?rest_route=%2Fwp%2Fv2%2Fcomments&post=57173"}],"version-history":[{"count":1,"href":"https:\/\/www.egemtv.com\/index.php?rest_route=\/wp\/v2\/posts\/57173\/revisions"}],"predecessor-version":[{"id":57175,"href":"https:\/\/www.egemtv.com\/index.php?rest_route=\/wp\/v2\/posts\/57173\/revisions\/57175"}],"wp:featuredmedia":[{"embeddable":true,"href":"https:\/\/www.egemtv.com\/index.php?rest_route=\/wp\/v2\/media\/57174"}],"wp:attachment":[{"href":"https:\/\/www.egemtv.com\/index.php?rest_route=%2Fwp%2Fv2%2Fmedia&parent=57173"}],"wp:term":[{"taxonomy":"category","embeddable":true,"href":"https:\/\/www.egemtv.com\/index.php?rest_route=%2Fwp%2Fv2%2Fcategories&post=57173"},{"taxonomy":"post_tag","embeddable":true,"href":"https:\/\/www.egemtv.com\/index.php?rest_route=%2Fwp%2Fv2%2Ftags&post=57173"}],"curies":[{"name":"wp","href":"https:\/\/api.w.org\/{rel}","templated":true}]}}