{"id":57167,"date":"2025-09-25T10:35:12","date_gmt":"2025-09-25T07:35:12","guid":{"rendered":"https:\/\/www.egemtv.com\/?p=57167"},"modified":"2025-09-25T10:35:12","modified_gmt":"2025-09-25T07:35:12","slug":"kazada-kopan-tekerlek-agacin-uzerine-firladi","status":"publish","type":"post","link":"https:\/\/www.egemtv.com\/?p=57167","title":{"rendered":"Kazada kopan tekerlek a\u011fac\u0131n \u00fczerine f\u0131rlad\u0131"},"content":{"rendered":"<p>Afyonkarahisar\u2019da a\u011faca \u00e7arparak takla atan otomobilde 3 ki\u015fi yaralan\u0131rken olayda, arac\u0131n kopan tekerli\u011fi ise bir a\u011fac\u0131n \u00fcst\u00fcne f\u0131rlad\u0131.<br \/>\n<br \/>Olay, Bolvadin il\u00e7esi \u00e7\u0131k\u0131\u015f\u0131nda meydana geldi. Edinilen bilgilere g\u00f6re, A.B.S. idaresindeki 26 FC 160 plakal\u0131 otomobil s\u00fcr\u00fcc\u00fcs\u00fcn\u00fcn hen\u00fcz belirlenemeyen bir sebepten \u00f6t\u00fcr\u00fc direksiyon hakimiyetini kaybetmesi sonucu kontrolden \u00e7\u0131kt\u0131. Savrulan ara\u00e7 ard\u0131ndan a\u011faca \u00e7arp\u0131p takla att\u0131. Kazada s\u00fcr\u00fcc\u00fc ile birlikte A.O. ve H.B.E. yaraland\u0131. Yaral\u0131lar kaza sonras\u0131 \u00e7evredekilerin haber vermesi \u00fczerine olay yerine gelen ambulanslarla hastanelere kald\u0131r\u0131ld\u0131.<br \/>\n<br \/>Kazada arac\u0131n kopan tekerle\u011finin bir a\u011fac\u0131n \u00fczerine f\u0131rlamas\u0131 ise olay\u0131n \u015fiddetini g\u00f6zler \u00f6n\u00fcne serdi.<br \/>\n<br \/>Kazan\u0131n ard\u0131ndan jandarma taraf\u0131ndan inceleme ba\u015flat\u0131ld\u0131.<br \/><\/p>\n","protected":false},"excerpt":{"rendered":"<p>Afyonkarahisar\u2019da a\u011faca \u00e7arparak takla atan otomobilde 3 ki\u015fi yaralan\u0131rken olayda, arac\u0131n kopan tekerli\u011fi ise bir a\u011fac\u0131n \u00fcst\u00fcne f\u0131rlad\u0131. Olay, Bolvadin il\u00e7esi \u00e7\u0131k\u0131\u015f\u0131nda meydana geldi. Edinilen bilgilere g\u00f6re, A.B.S. idaresindeki 26 FC 160 plakal\u0131 otomobil s\u00fcr\u00fcc\u00fcs\u00fcn\u00fcn hen\u00fcz belirlenemeyen bir sebepten \u00f6t\u00fcr\u00fc direksiyon hakimiyetini kaybetmesi sonucu kontrolden \u00e7\u0131kt\u0131. Savrulan ara\u00e7 ard\u0131ndan a\u011faca \u00e7arp\u0131p takla att\u0131. Kazada s\u00fcr\u00fcc\u00fc&#8230;<\/p>\n","protected":false},"author":1,"featured_media":57168,"comment_status":"open","ping_status":"open","sticky":false,"template":"","format":"standard","meta":{"_crdt_document":"","footnotes":""},"categories":[5],"tags":[],"class_list":["post-57167","post","type-post","status-publish","format-standard","has-post-thumbnail","hentry","category-asayis"],"_links":{"self":[{"href":"https:\/\/www.egemtv.com\/index.php?rest_route=\/wp\/v2\/posts\/57167","targetHints":{"allow":["GET"]}}],"collection":[{"href":"https:\/\/www.egemtv.com\/index.php?rest_route=\/wp\/v2\/posts"}],"about":[{"href":"https:\/\/www.egemtv.com\/index.php?rest_route=\/wp\/v2\/types\/post"}],"author":[{"embeddable":true,"href":"https:\/\/www.egemtv.com\/index.php?rest_route=\/wp\/v2\/users\/1"}],"replies":[{"embeddable":true,"href":"https:\/\/www.egemtv.com\/index.php?rest_route=%2Fwp%2Fv2%2Fcomments&post=57167"}],"version-history":[{"count":1,"href":"https:\/\/www.egemtv.com\/index.php?rest_route=\/wp\/v2\/posts\/57167\/revisions"}],"predecessor-version":[{"id":57169,"href":"https:\/\/www.egemtv.com\/index.php?rest_route=\/wp\/v2\/posts\/57167\/revisions\/57169"}],"wp:featuredmedia":[{"embeddable":true,"href":"https:\/\/www.egemtv.com\/index.php?rest_route=\/wp\/v2\/media\/57168"}],"wp:attachment":[{"href":"https:\/\/www.egemtv.com\/index.php?rest_route=%2Fwp%2Fv2%2Fmedia&parent=57167"}],"wp:term":[{"taxonomy":"category","embeddable":true,"href":"https:\/\/www.egemtv.com\/index.php?rest_route=%2Fwp%2Fv2%2Fcategories&post=57167"},{"taxonomy":"post_tag","embeddable":true,"href":"https:\/\/www.egemtv.com\/index.php?rest_route=%2Fwp%2Fv2%2Ftags&post=57167"}],"curies":[{"name":"wp","href":"https:\/\/api.w.org\/{rel}","templated":true}]}}