{"id":57164,"date":"2025-09-25T10:35:11","date_gmt":"2025-09-25T07:35:11","guid":{"rendered":"https:\/\/www.egemtv.com\/?p=57164"},"modified":"2025-09-25T10:35:12","modified_gmt":"2025-09-25T07:35:12","slug":"vestel-gonulluleri-dunya-temizlik-gunu-icin-manisada-bulustu","status":"publish","type":"post","link":"https:\/\/www.egemtv.com\/?p=57164","title":{"rendered":"Vestel g\u00f6n\u00fcll\u00fcleri D\u00fcnya Temizlik G\u00fcn\u00fc i\u00e7in Manisa\u2019da bulu\u015ftu"},"content":{"rendered":"<p>Zorlu Grubu Kurumsal G\u00f6n\u00fcll\u00fcl\u00fck Program\u0131 K\u0131v\u0131lc\u0131mlar Hareketi\u2019nin i\u00e7erisinde yer alan Vestel g\u00f6n\u00fcll\u00fcleri, D\u00fcnya Temizlik G\u00fcn\u00fc kapsam\u0131nda Manisa \u00c7iftlik Park Mesire Alan\u0131\u2019nda \u00e7evre i\u00e7in bir araya geldi. \u00c7evre bilincini yayg\u0131nla\u015ft\u0131rmay\u0131 ama\u00e7layan projede Vestel g\u00f6n\u00fcll\u00fcleri, toplad\u0131klar\u0131 at\u0131klarla fark\u0131ndal\u0131k olu\u015fturdu.<\/p>\n<p>Vestel g\u00f6n\u00fcll\u00fcleri D\u00fcnya Temizlik G\u00fcn\u00fc kapsam\u0131nda, Manisa \u00c7iftlik Park Mesire Alan\u0131\u2019nda d\u00fczenlenen \u00e7evre temizli\u011fi projesine kat\u0131ld\u0131. Projede g\u00f6n\u00fcll\u00fcler 40 po\u015fet at\u0131k toplad\u0131. Toplanan at\u0131klar daha sonra ilgili belediye ekiplerine teslim edildi.<\/p>\n<p>Vestel, s\u00fcrd\u00fcr\u00fclebilirlik yakla\u015f\u0131m\u0131 do\u011frultusunda, teknoloji, Ar-Ge ve inovasyon alan\u0131ndaki yat\u0131r\u0131mlar\u0131n\u0131n yan\u0131 s\u0131ra toplumsal fark\u0131ndal\u0131\u011f\u0131 art\u0131rmaya y\u00f6nelik g\u00f6n\u00fcll\u00fcl\u00fck \u00e7al\u0131\u015fmalar\u0131na da devam ediyor. Zorlu Holding \u00e7at\u0131s\u0131 alt\u0131nda y\u00fcr\u00fct\u00fclen \u2019K\u0131v\u0131lc\u0131mlar\u2019 hareketinin par\u00e7as\u0131 olan Vestel g\u00f6n\u00fcll\u00fcleri, \u00e7evre temizli\u011fi \u00e7al\u0131\u015fmalar\u0131na kat\u0131larak hem bireysel hem de kurumsal d\u00fczeyde sorumluluk bilincini g\u00fc\u00e7lendiriyor.<br \/><\/p>\n","protected":false},"excerpt":{"rendered":"<p>Zorlu Grubu Kurumsal G\u00f6n\u00fcll\u00fcl\u00fck Program\u0131 K\u0131v\u0131lc\u0131mlar Hareketi\u2019nin i\u00e7erisinde yer alan Vestel g\u00f6n\u00fcll\u00fcleri, D\u00fcnya Temizlik G\u00fcn\u00fc kapsam\u0131nda Manisa \u00c7iftlik Park Mesire Alan\u0131\u2019nda \u00e7evre i\u00e7in bir araya geldi. \u00c7evre bilincini yayg\u0131nla\u015ft\u0131rmay\u0131 ama\u00e7layan projede Vestel g\u00f6n\u00fcll\u00fcleri, toplad\u0131klar\u0131 at\u0131klarla fark\u0131ndal\u0131k olu\u015fturdu. Vestel g\u00f6n\u00fcll\u00fcleri D\u00fcnya Temizlik G\u00fcn\u00fc kapsam\u0131nda, Manisa \u00c7iftlik Park Mesire Alan\u0131\u2019nda d\u00fczenlenen \u00e7evre temizli\u011fi projesine kat\u0131ld\u0131. Projede g\u00f6n\u00fcll\u00fcler&#8230;<\/p>\n","protected":false},"author":1,"featured_media":57165,"comment_status":"open","ping_status":"open","sticky":false,"template":"","format":"standard","meta":{"_crdt_document":"","footnotes":""},"categories":[1],"tags":[],"class_list":["post-57164","post","type-post","status-publish","format-standard","has-post-thumbnail","hentry","category-guncel"],"_links":{"self":[{"href":"https:\/\/www.egemtv.com\/index.php?rest_route=\/wp\/v2\/posts\/57164","targetHints":{"allow":["GET"]}}],"collection":[{"href":"https:\/\/www.egemtv.com\/index.php?rest_route=\/wp\/v2\/posts"}],"about":[{"href":"https:\/\/www.egemtv.com\/index.php?rest_route=\/wp\/v2\/types\/post"}],"author":[{"embeddable":true,"href":"https:\/\/www.egemtv.com\/index.php?rest_route=\/wp\/v2\/users\/1"}],"replies":[{"embeddable":true,"href":"https:\/\/www.egemtv.com\/index.php?rest_route=%2Fwp%2Fv2%2Fcomments&post=57164"}],"version-history":[{"count":1,"href":"https:\/\/www.egemtv.com\/index.php?rest_route=\/wp\/v2\/posts\/57164\/revisions"}],"predecessor-version":[{"id":57166,"href":"https:\/\/www.egemtv.com\/index.php?rest_route=\/wp\/v2\/posts\/57164\/revisions\/57166"}],"wp:featuredmedia":[{"embeddable":true,"href":"https:\/\/www.egemtv.com\/index.php?rest_route=\/wp\/v2\/media\/57165"}],"wp:attachment":[{"href":"https:\/\/www.egemtv.com\/index.php?rest_route=%2Fwp%2Fv2%2Fmedia&parent=57164"}],"wp:term":[{"taxonomy":"category","embeddable":true,"href":"https:\/\/www.egemtv.com\/index.php?rest_route=%2Fwp%2Fv2%2Fcategories&post=57164"},{"taxonomy":"post_tag","embeddable":true,"href":"https:\/\/www.egemtv.com\/index.php?rest_route=%2Fwp%2Fv2%2Ftags&post=57164"}],"curies":[{"name":"wp","href":"https:\/\/api.w.org\/{rel}","templated":true}]}}