{"id":57161,"date":"2025-09-25T10:35:10","date_gmt":"2025-09-25T07:35:10","guid":{"rendered":"https:\/\/www.egemtv.com\/?p=57161"},"modified":"2025-09-25T10:35:11","modified_gmt":"2025-09-25T07:35:11","slug":"baskan-kahveciden-doga-ve-cevre-icin-kurum-ziyaretleri","status":"publish","type":"post","link":"https:\/\/www.egemtv.com\/?p=57161","title":{"rendered":"Ba\u015fkan Kahveci\u2019den do\u011fa ve \u00e7evre i\u00e7in kurum ziyaretleri"},"content":{"rendered":"<p>K\u00fctahya Belediye Ba\u015fkan\u0131 Ey\u00fcp Kahveci, \u015fehrin do\u011fal zenginliklerinin korunmas\u0131 ve \u00e7evre \u00e7al\u0131\u015fmalar\u0131n\u0131n g\u00fc\u00e7lendirilmesi amac\u0131yla kurum ziyaretlerinde bulundu.<br \/>\n<br \/>Ba\u015fkan Kahveci, K\u00fctahya Orman B\u00f6lge M\u00fcd\u00fcr\u00fc Erdal Dingil, Do\u011fa Koruma ve Milli Parklar 5. B\u00f6lge M\u00fcd\u00fcrl\u00fc\u011f\u00fc K\u00fctahya \u015eube M\u00fcd\u00fcr\u00fc \u015eevket Bozda\u011f ve Do\u011fa Koruma ve Milli Parklar K\u00fctahya \u015eube M\u00fcd\u00fcrl\u00fc\u011f\u00fc Dan\u0131\u015fman\u0131 Hasan Akarsu\u2019yu makamlar\u0131nda ziyaret etti.<br \/>\n<br \/>G\u00f6r\u00fc\u015fmelerde, K\u00fctahya\u2019n\u0131n orman varl\u0131\u011f\u0131n\u0131n korunmas\u0131, ye\u015fil alanlar\u0131n art\u0131r\u0131lmas\u0131, do\u011fal ya\u015fam\u0131n s\u00fcrd\u00fcr\u00fclebilirli\u011fi ve \u00e7evre bilincinin geli\u015ftirilmesi konular\u0131 ele al\u0131nd\u0131.<br \/>\n<br \/>Ba\u015fkan Ey\u00fcp Kahveci, do\u011fal de\u011ferlerin gelecek ku\u015faklara aktar\u0131lmas\u0131 i\u00e7in \u00e7al\u0131\u015fmalar\u0131n kararl\u0131l\u0131kla s\u00fcrece\u011fini vurgulayarak, kurumlar aras\u0131 i\u015f birli\u011finin \u00f6nemine dikkat \u00e7ekti.<br \/>\n<br \/>Ziyaretler, kar\u015f\u0131l\u0131kl\u0131 iyi dilek temennileri, i\u015f birli\u011fi mesajlar\u0131 ve hat\u0131ra foto\u011fraf\u0131 \u00e7ekimiyle sona erdi. K\u00fctahya Belediyesi\u2019nin \u00e7evre ve do\u011fa dostu projeler \u00fcretmeye ve kurumlar aras\u0131 i\u015f birli\u011fini g\u00fc\u00e7lendirmeye devam edece\u011fi belirtildi.<br \/><\/p>\n","protected":false},"excerpt":{"rendered":"<p>K\u00fctahya Belediye Ba\u015fkan\u0131 Ey\u00fcp Kahveci, \u015fehrin do\u011fal zenginliklerinin korunmas\u0131 ve \u00e7evre \u00e7al\u0131\u015fmalar\u0131n\u0131n g\u00fc\u00e7lendirilmesi amac\u0131yla kurum ziyaretlerinde bulundu. Ba\u015fkan Kahveci, K\u00fctahya Orman B\u00f6lge M\u00fcd\u00fcr\u00fc Erdal Dingil, Do\u011fa Koruma ve Milli Parklar 5. B\u00f6lge M\u00fcd\u00fcrl\u00fc\u011f\u00fc K\u00fctahya \u015eube M\u00fcd\u00fcr\u00fc \u015eevket Bozda\u011f ve Do\u011fa Koruma ve Milli Parklar K\u00fctahya \u015eube M\u00fcd\u00fcrl\u00fc\u011f\u00fc Dan\u0131\u015fman\u0131 Hasan Akarsu\u2019yu makamlar\u0131nda ziyaret etti. G\u00f6r\u00fc\u015fmelerde, K\u00fctahya\u2019n\u0131n&#8230;<\/p>\n","protected":false},"author":1,"featured_media":57162,"comment_status":"open","ping_status":"open","sticky":false,"template":"","format":"standard","meta":{"_crdt_document":"","footnotes":""},"categories":[1],"tags":[],"class_list":["post-57161","post","type-post","status-publish","format-standard","has-post-thumbnail","hentry","category-guncel"],"_links":{"self":[{"href":"https:\/\/www.egemtv.com\/index.php?rest_route=\/wp\/v2\/posts\/57161","targetHints":{"allow":["GET"]}}],"collection":[{"href":"https:\/\/www.egemtv.com\/index.php?rest_route=\/wp\/v2\/posts"}],"about":[{"href":"https:\/\/www.egemtv.com\/index.php?rest_route=\/wp\/v2\/types\/post"}],"author":[{"embeddable":true,"href":"https:\/\/www.egemtv.com\/index.php?rest_route=\/wp\/v2\/users\/1"}],"replies":[{"embeddable":true,"href":"https:\/\/www.egemtv.com\/index.php?rest_route=%2Fwp%2Fv2%2Fcomments&post=57161"}],"version-history":[{"count":1,"href":"https:\/\/www.egemtv.com\/index.php?rest_route=\/wp\/v2\/posts\/57161\/revisions"}],"predecessor-version":[{"id":57163,"href":"https:\/\/www.egemtv.com\/index.php?rest_route=\/wp\/v2\/posts\/57161\/revisions\/57163"}],"wp:featuredmedia":[{"embeddable":true,"href":"https:\/\/www.egemtv.com\/index.php?rest_route=\/wp\/v2\/media\/57162"}],"wp:attachment":[{"href":"https:\/\/www.egemtv.com\/index.php?rest_route=%2Fwp%2Fv2%2Fmedia&parent=57161"}],"wp:term":[{"taxonomy":"category","embeddable":true,"href":"https:\/\/www.egemtv.com\/index.php?rest_route=%2Fwp%2Fv2%2Fcategories&post=57161"},{"taxonomy":"post_tag","embeddable":true,"href":"https:\/\/www.egemtv.com\/index.php?rest_route=%2Fwp%2Fv2%2Ftags&post=57161"}],"curies":[{"name":"wp","href":"https:\/\/api.w.org\/{rel}","templated":true}]}}