{"id":57158,"date":"2025-09-25T10:35:09","date_gmt":"2025-09-25T07:35:09","guid":{"rendered":"https:\/\/www.egemtv.com\/?p=57158"},"modified":"2025-09-25T10:35:10","modified_gmt":"2025-09-25T07:35:10","slug":"hafriyat-kamyonlari-yuzunden-toz-soluyorlar","status":"publish","type":"post","link":"https:\/\/www.egemtv.com\/?p=57158","title":{"rendered":"Hafriyat kamyonlar\u0131 y\u00fcz\u00fcnden toz soluyorlar"},"content":{"rendered":"<p>Denizli\u2019nin \u00c7al il\u00e7esinde faaliyet g\u00f6steren ta\u015f ocaklar\u0131ndan hafriyat \u00e7eken kamyonlar\u0131n\u0131n neden oldu\u011fu toz ta\u015f\u0131n\u0131m\u0131 b\u00fcy\u00fck tepki topluyor. Yoldan y\u00fckselen toz bulutlar\u0131, Belevi Mahallesi\u2019nin havas\u0131n\u0131 kirletiyor.<\/p>\n<p>Denizli\u2019nin \u00c7al il\u00e7esi Belevi Mahallesi\u2019nde faaliyet g\u00f6steren ta\u015f ocaklar\u0131nda \u00e7al\u0131\u015fan hafriyat kamyonlar\u0131n kulland\u0131\u011f\u0131 yolda \u00fcst yap\u0131 bulunmuyor. Kamyonlar\u0131n yolu her kullanmas\u0131nda yoldan toz bulutlar\u0131 y\u00fckseliyor. Havaya y\u00fckselen toz bulutlar\u0131 Belevi Mahallesinin havas\u0131n\u0131 kirletiyor ve tar\u0131m mahsullerine zarar veriyor. Kamyonlar\u0131n olu\u015fturdu\u011fu toz bulutlar\u0131 mahallenin \u00fczerine giderek mahalleli vatanda\u015flar\u0131n toz solumalar\u0131na sebep oluyor.<\/p>\n<p>\u00c7al Belediyesinden defalarca havalar\u0131n\u0131 kirleten hafriyat kamyonlar\u0131na bir \u00e7\u00f6z\u00fcm bulunmas\u0131 i\u00e7in talepte bulunduklar\u0131n\u0131 fakat belediyeden hi\u00e7 bir \u015fekilde sonu\u00e7 \u00e7\u0131kmad\u0131\u011f\u0131n\u0131 dile getiren Belevi Mahallesi Muhtar\u0131 Ali Aydemir, &#8220;Mahallemizde 3 adet ocak bulunmakta. Bu 3 ocaktan her g\u00fcn toz duman i\u00e7inde hafriyat \u00e7eken kamyonlar, mahallemizi s\u0131k\u0131nt\u0131ya sokuyor. Kamyonlar\u0131n kulland\u0131\u011f\u0131 yolda \u00fcst yap\u0131 bulunmuyor. Hafriyat kamyonlar\u0131n\u0131n her yolu kullan\u0131\u015f\u0131nda yoldan toz bulutlar\u0131 y\u00fckseliyor. Bu y\u00fckselen tozlar mahallemizin \u00fczerine geliyor, havam\u0131z\u0131 kirletiyor. Tozdan dolay\u0131 nefes almakta zorlan\u0131yoruz. Mahallelinin tar\u0131m mahsulleri zarar g\u00f6r\u00fcyor. A\u011fa\u00e7lar\u0131n i\u00e7inde ki tertemiz havas\u0131 olan mahallemizde toz soluyoruz. Bu soruna yetkililerin bir \u00e7\u00f6z\u00fcm bulmalar\u0131n\u0131 istiyoruz&#8221; dedi.<br \/><\/p>\n","protected":false},"excerpt":{"rendered":"<p>Denizli\u2019nin \u00c7al il\u00e7esinde faaliyet g\u00f6steren ta\u015f ocaklar\u0131ndan hafriyat \u00e7eken kamyonlar\u0131n\u0131n neden oldu\u011fu toz ta\u015f\u0131n\u0131m\u0131 b\u00fcy\u00fck tepki topluyor. Yoldan y\u00fckselen toz bulutlar\u0131, Belevi Mahallesi\u2019nin havas\u0131n\u0131 kirletiyor. Denizli\u2019nin \u00c7al il\u00e7esi Belevi Mahallesi\u2019nde faaliyet g\u00f6steren ta\u015f ocaklar\u0131nda \u00e7al\u0131\u015fan hafriyat kamyonlar\u0131n kulland\u0131\u011f\u0131 yolda \u00fcst yap\u0131 bulunmuyor. Kamyonlar\u0131n yolu her kullanmas\u0131nda yoldan toz bulutlar\u0131 y\u00fckseliyor. Havaya y\u00fckselen toz bulutlar\u0131 Belevi&#8230;<\/p>\n","protected":false},"author":1,"featured_media":57159,"comment_status":"open","ping_status":"open","sticky":false,"template":"","format":"standard","meta":{"_crdt_document":"","footnotes":""},"categories":[1],"tags":[],"class_list":["post-57158","post","type-post","status-publish","format-standard","has-post-thumbnail","hentry","category-guncel"],"_links":{"self":[{"href":"https:\/\/www.egemtv.com\/index.php?rest_route=\/wp\/v2\/posts\/57158","targetHints":{"allow":["GET"]}}],"collection":[{"href":"https:\/\/www.egemtv.com\/index.php?rest_route=\/wp\/v2\/posts"}],"about":[{"href":"https:\/\/www.egemtv.com\/index.php?rest_route=\/wp\/v2\/types\/post"}],"author":[{"embeddable":true,"href":"https:\/\/www.egemtv.com\/index.php?rest_route=\/wp\/v2\/users\/1"}],"replies":[{"embeddable":true,"href":"https:\/\/www.egemtv.com\/index.php?rest_route=%2Fwp%2Fv2%2Fcomments&post=57158"}],"version-history":[{"count":1,"href":"https:\/\/www.egemtv.com\/index.php?rest_route=\/wp\/v2\/posts\/57158\/revisions"}],"predecessor-version":[{"id":57160,"href":"https:\/\/www.egemtv.com\/index.php?rest_route=\/wp\/v2\/posts\/57158\/revisions\/57160"}],"wp:featuredmedia":[{"embeddable":true,"href":"https:\/\/www.egemtv.com\/index.php?rest_route=\/wp\/v2\/media\/57159"}],"wp:attachment":[{"href":"https:\/\/www.egemtv.com\/index.php?rest_route=%2Fwp%2Fv2%2Fmedia&parent=57158"}],"wp:term":[{"taxonomy":"category","embeddable":true,"href":"https:\/\/www.egemtv.com\/index.php?rest_route=%2Fwp%2Fv2%2Fcategories&post=57158"},{"taxonomy":"post_tag","embeddable":true,"href":"https:\/\/www.egemtv.com\/index.php?rest_route=%2Fwp%2Fv2%2Ftags&post=57158"}],"curies":[{"name":"wp","href":"https:\/\/api.w.org\/{rel}","templated":true}]}}