{"id":57152,"date":"2025-09-25T09:55:47","date_gmt":"2025-09-25T06:55:47","guid":{"rendered":"https:\/\/www.egemtv.com\/?p=57152"},"modified":"2025-09-25T09:55:48","modified_gmt":"2025-09-25T06:55:48","slug":"izsuda-gercegi-aratmayan-tatbikat","status":"publish","type":"post","link":"https:\/\/www.egemtv.com\/?p=57152","title":{"rendered":"\u0130ZSU\u2019da ger\u00e7e\u011fi aratmayan tatbikat"},"content":{"rendered":"<p>\u0130tfaiye Haftas\u0131 etkinlikleri kapsam\u0131nda \u0130zmir \u0130tfaiyesi taraf\u0131ndan \u0130ZSU Genel M\u00fcd\u00fcrl\u00fc\u011f\u00fc Afet ve Acil Durum Y\u00f6netimi Birimi i\u015f birli\u011fi ile d\u00fczenlenen yang\u0131n s\u00f6nd\u00fcrme, tahliye ve kurtarma tatbikat\u0131nda nefes kesen anlar ya\u015fand\u0131. Konak\u2019taki \u0130ZSU Genel M\u00fcd\u00fcrl\u00fc\u011f\u00fc binas\u0131nda senaryo gere\u011fi \u00e7\u0131kan yang\u0131n\u0131 k\u0131sa s\u00fcrede s\u00f6nd\u00fcrerek binada mahsur kalan biri engelli d\u00f6rt yurtta\u015f\u0131 ba\u015far\u0131yla kurtaran ekipler, \u0130zmirlilere bir kez daha g\u00fcven verdi.<br \/>\n<br \/>\u0130tfaiye Haftas\u0131 etkinlikleri kapsam\u0131nda \u0130zmir B\u00fcy\u00fck\u015fehir Belediyesi \u0130tfaiye Daire Ba\u015fkanl\u0131\u011f\u0131, \u0130ZSU Genel M\u00fcd\u00fcrl\u00fc\u011f\u00fc Afet ve Acil Durum Y\u00f6netimi Birimi i\u015f birli\u011fi ile Konak\u2019taki 8 katl\u0131 \u0130ZSU Genel M\u00fcd\u00fcrl\u00fc\u011f\u00fc binas\u0131nda yang\u0131n s\u00f6nd\u00fcrme, tahliye ve kurtarma tatbikat\u0131 ger\u00e7ekle\u015ftirdi. Tatbikat senaryosuna g\u00f6re binan\u0131n ikinci kat\u0131ndaki santral odas\u0131nda yang\u0131n \u00e7\u0131kt\u0131. Santral g\u00f6revlisi yang\u0131na m\u00fcdahale etmeye \u00e7al\u0131\u015ft\u0131 ancak ba\u015far\u0131l\u0131 olamay\u0131nca durumu \u0130ZSU acil durum ekiplerine bildirdi. Ekipler, 112 Acil \u00c7a\u011fr\u0131 Merkezi\u2019ne haber verdi. \u0130hbar \u00fczerine \u0130zmir \u0130tfaiyesi, 2 AKS arac\u0131, 1 merdivenli ara\u00e7, 2 araz\u00f6z ve 1 kurtarma arac\u0131yla h\u0131zla olay yerine sevk edildi.<\/p>\n<p>Biri engelli d\u00f6rt ki\u015fi mahsur kald\u0131\u011f\u0131 yerden kurtar\u0131ld\u0131<br \/>\n<br \/>Binan\u0131n santral odas\u0131nda elektrik konta\u011f\u0131ndan kaynaklanan yang\u0131n k\u0131sa s\u00fcrede \u00fcst katlara yay\u0131ld\u0131. \u0130ZSU acil durum ekipleri, itfaiye gelene kadar binadaki personelin tahliyesini ger\u00e7ekle\u015ftirerek \u00e7evre g\u00fcvenli\u011fini sa\u011flad\u0131. Senaryo gere\u011fi binan\u0131n \u00e7e\u015fitli katlar\u0131nda biri engelli olmak \u00fczere toplam d\u00f6rt ki\u015fi mahsur kald\u0131. Olay yerine h\u0131zla m\u00fcdahale eden \u0130zmir \u0130tfaiyesi ekipleri, yang\u0131n\u0131 ba\u015far\u0131yla s\u00f6nd\u00fcr\u00fcrken, binada mahsur kalanlar\u0131 bulunduklar\u0131 yerden kurtard\u0131. Binan\u0131n birinci kat\u0131nda bulunan biri engelli olmak \u00fczere iki ki\u015fi acil durum ta\u015f\u0131ma teknikleri kullan\u0131larak bulundu\u011fu yerden kurtar\u0131l\u0131rken, 22 metrelik merdivenli ara\u00e7 kullan\u0131larak ikinci kat teras\u0131nda mahsur kalan kazazede sepet sedye ile indirildi. Kurtarma ekibi, d\u00f6rd\u00fcnc\u00fc kattaki kazazedeyi kurtarma sedyesi ile ip ini\u015f tekni\u011fini kullanarak tahliye etti. Son olarak bina i\u00e7inde duman tahliyesi yap\u0131larak g\u00fcvenlik sa\u011fland\u0131. AKS ekipleri, yang\u0131ndan kurtar\u0131lan yaral\u0131lar\u0131n ilk sa\u011fl\u0131k m\u00fcdahalesini yapt\u0131 ve ard\u0131ndan hastanelere sevk etti. Tatbikat ekiplerin koordineli \u00e7al\u0131\u015fmalar\u0131 sonucu ba\u015far\u0131yla tamamland\u0131. Ekipler tatbikat\u0131 heyecanla izleyen yurtta\u015flar taraf\u0131ndan uzun s\u00fcre alk\u0131\u015fland\u0131.<\/p>\n<p>&#8220;Haz\u0131rl\u0131k hayat kurtar\u0131r&#8221;<br \/>\n<br \/>Tatbikat Amiri H\u00fcseyin \u00c7a\u011fda\u015f \u00d6zbek afet ve acil durumlara haz\u0131rl\u0131\u011f\u0131n \u00f6nemine dikkat \u00e7ekerek, &#8220;Bu t\u00fcr tatbikatlar, ger\u00e7ek olaylarda can kay\u0131plar\u0131n\u0131n \u00f6nlenmesi i\u00e7in hayati \u00f6nemde. \u0130ZSU Afet ve Acil Durum Y\u00f6netimi Birimi ile yapt\u0131\u011f\u0131m\u0131z bu tatbikat \u00e7ok ba\u015far\u0131l\u0131 bir \u015fekilde tamamland\u0131 &#8221; dedi.<\/p>\n<p>\u0130ZSU Afet Birimi ilk kez g\u00f6rev ald\u0131<br \/>\n<br \/>Tatbikatta \u0130ZSU Genel M\u00fcd\u00fcrl\u00fc\u011f\u00fc Afet ve Acil Durum Y\u00f6netimi Birimi ilk kez aktif olarak g\u00f6rev ald\u0131. Birim, tahliye ve koordinasyon s\u00fcrecinde kritik g\u00f6revler \u00fcstlenerek tatbikat\u0131n ba\u015far\u0131yla tamamlanmas\u0131na katk\u0131 sa\u011flad\u0131.<br \/><\/p>\n","protected":false},"excerpt":{"rendered":"<p>\u0130tfaiye Haftas\u0131 etkinlikleri kapsam\u0131nda \u0130zmir \u0130tfaiyesi taraf\u0131ndan \u0130ZSU Genel M\u00fcd\u00fcrl\u00fc\u011f\u00fc Afet ve Acil Durum Y\u00f6netimi Birimi i\u015f birli\u011fi ile d\u00fczenlenen yang\u0131n s\u00f6nd\u00fcrme, tahliye ve kurtarma tatbikat\u0131nda nefes kesen anlar ya\u015fand\u0131. Konak\u2019taki \u0130ZSU Genel M\u00fcd\u00fcrl\u00fc\u011f\u00fc binas\u0131nda senaryo gere\u011fi \u00e7\u0131kan yang\u0131n\u0131 k\u0131sa s\u00fcrede s\u00f6nd\u00fcrerek binada mahsur kalan biri engelli d\u00f6rt yurtta\u015f\u0131 ba\u015far\u0131yla kurtaran ekipler, \u0130zmirlilere bir kez&#8230;<\/p>\n","protected":false},"author":1,"featured_media":57153,"comment_status":"open","ping_status":"open","sticky":false,"template":"","format":"standard","meta":{"_crdt_document":"","footnotes":""},"categories":[5],"tags":[],"class_list":["post-57152","post","type-post","status-publish","format-standard","has-post-thumbnail","hentry","category-asayis"],"_links":{"self":[{"href":"https:\/\/www.egemtv.com\/index.php?rest_route=\/wp\/v2\/posts\/57152","targetHints":{"allow":["GET"]}}],"collection":[{"href":"https:\/\/www.egemtv.com\/index.php?rest_route=\/wp\/v2\/posts"}],"about":[{"href":"https:\/\/www.egemtv.com\/index.php?rest_route=\/wp\/v2\/types\/post"}],"author":[{"embeddable":true,"href":"https:\/\/www.egemtv.com\/index.php?rest_route=\/wp\/v2\/users\/1"}],"replies":[{"embeddable":true,"href":"https:\/\/www.egemtv.com\/index.php?rest_route=%2Fwp%2Fv2%2Fcomments&post=57152"}],"version-history":[{"count":1,"href":"https:\/\/www.egemtv.com\/index.php?rest_route=\/wp\/v2\/posts\/57152\/revisions"}],"predecessor-version":[{"id":57154,"href":"https:\/\/www.egemtv.com\/index.php?rest_route=\/wp\/v2\/posts\/57152\/revisions\/57154"}],"wp:featuredmedia":[{"embeddable":true,"href":"https:\/\/www.egemtv.com\/index.php?rest_route=\/wp\/v2\/media\/57153"}],"wp:attachment":[{"href":"https:\/\/www.egemtv.com\/index.php?rest_route=%2Fwp%2Fv2%2Fmedia&parent=57152"}],"wp:term":[{"taxonomy":"category","embeddable":true,"href":"https:\/\/www.egemtv.com\/index.php?rest_route=%2Fwp%2Fv2%2Fcategories&post=57152"},{"taxonomy":"post_tag","embeddable":true,"href":"https:\/\/www.egemtv.com\/index.php?rest_route=%2Fwp%2Fv2%2Ftags&post=57152"}],"curies":[{"name":"wp","href":"https:\/\/api.w.org\/{rel}","templated":true}]}}