{"id":57149,"date":"2025-09-25T09:55:47","date_gmt":"2025-09-25T06:55:47","guid":{"rendered":"https:\/\/www.egemtv.com\/?p=57149"},"modified":"2025-09-25T09:55:47","modified_gmt":"2025-09-25T06:55:47","slug":"inandan-chpli-zeybeke-tepki-izmiri-cop-daglarina-mahkum-eden-sizsiniz","status":"publish","type":"post","link":"https:\/\/www.egemtv.com\/?p=57149","title":{"rendered":"\u0130nan\u2019dan CHP\u2019li Zeybek\u2019e tepki: &#8220;\u0130zmir\u2019i \u00e7\u00f6p da\u011flar\u0131na mahkum eden sizsiniz&#8221;"},"content":{"rendered":"<p>\u0130zmir\u2019de CHP\u2019li belediyelerin \u00e7\u00f6z\u00fcm \u00fcretemedi\u011fi \u00e7\u00f6p kriziyle ilgili sorumlulu\u011fu \u00c7evre ve \u015eehircilik Bakanl\u0131\u011f\u0131na y\u00fcklemeye \u00e7al\u0131\u015fan CHP Genel Ba\u015fkan Yard\u0131mc\u0131s\u0131 G\u00f6kan Zeybek\u2019e, AK Parti Genel Sekreteri Ey\u00fcp Kadir \u0130nan\u2019dan sert tepki geldi. \u0130nan, &#8220;\u0130zmir\u2019i \u00e7\u00f6p da\u011flar\u0131na mahkum eden sizsiniz. Ger\u00e7ekleri ters y\u00fcz edip devlete iftira atan da sizsiniz. Bundan sonra ricalar\u0131n\u0131z kapal\u0131 kap\u0131lar ard\u0131nda de\u011fil, b\u00fct\u00fcn bas\u0131n\u0131n ve t\u00fcm \u0130zmir\u2019in \u00f6n\u00fcnde olacak. T\u00fcm \u0130zmir g\u00f6recek nas\u0131l bir eyyamc\u0131 oldu\u011funuzu&#8221; dedi.<br \/>\n<br \/>CHP Genel Ba\u015fkan Yard\u0131mc\u0131s\u0131 G\u00f6khan Zeybek, \u0130stanbul \u0130l Kongresi\u2019nde yapt\u0131\u011f\u0131 a\u00e7\u0131klamada, \u0130zmir\u2019deki \u00e7\u00f6p krizindan \u00c7evre \u015eehircilik Bakanl\u0131\u011f\u0131n\u0131 sorumlu tutarak, &#8220;Diyorlar ya \u0130zmir\u2019de \u00e7\u00f6p toplanam\u0131yor, \u0130zmir\u2019de \u00e7\u00f6p depolama alanlar\u0131n\u0131n tamam\u0131 10 g\u00fcn \u00f6nce \u00c7evre ve \u015eehircilik Bakanl\u0131\u011f\u0131 taraf\u0131ndan kapat\u0131ld\u0131. 2 g\u00fcn \u00f6nce tekrar a\u00e7\u0131ld\u0131, 31 Ekim\u2019e kadar s\u00fcre uzat\u0131ld\u0131&#8221; dedi.<\/p>\n<p>&#8220;Beceriksizlikle 5 milyon \u0130zmirli\u2019yi \u00e7\u00f6plerin ortas\u0131nda ya\u015famaya mahk\u00fbm ettiniz&#8221;<br \/>\n<br \/>Zeybek\u2019in a\u00e7\u0131klamalar\u0131n\u0131 sosyal medya hesab\u0131ndan yalanlayan AK Parti Genel Sekreteri Ey\u00fcp Kadir \u0130nan, &#8220;Vah\u015fi depolama gibi rezil bir eserinize dahi Bakanl\u0131\u011f\u0131m\u0131z ekstra destek sa\u011flad\u0131. Buna ra\u011fmen siz, y\u00fcz k\u0131zart\u0131c\u0131 bir beceriksizlikle 5 milyon \u0130zmirli\u2019yi \u00e7\u00f6plerin ortas\u0131nda ya\u015famaya mahk\u00fbm ettiniz. \u015eimdi utanmadan \u00e7\u0131k\u0131p su\u00e7u devlete at\u0131yorsunuz. Bundan sonra ricalar\u0131n\u0131z kapal\u0131 kap\u0131lar ard\u0131nda de\u011fil, b\u00fct\u00fcn bas\u0131n\u0131n ve t\u00fcm \u0130zmir\u2019in \u00f6n\u00fcnde olacak. T\u00fcm \u0130zmir g\u00f6recek nas\u0131l bir eyyamc\u0131 oldu\u011funuzu. 5 milyon \u0130zmirli ad\u0131na, \u0130zmir B\u00fcy\u00fck\u015fehir Belediye Ba\u015fkan\u0131 Cemil Tugay d\u00fcr\u00fcst ise bu al\u00e7ak iftira kar\u015f\u0131s\u0131nda gerekli a\u00e7\u0131klamay\u0131 yapar&#8221; diye konu\u015ftu.  \u0130nan, CHP\u2019li belediyelerin \u0130zmir\u2019i y\u00f6netmekteki yetersizli\u011fini vurgulayarak, halk\u0131 \u00e7\u00f6plerin ortas\u0131nda ya\u015famaya mahk\u00fbm edenlerin belediye y\u00f6netimi oldu\u011funu ayr\u0131ca, devlete at\u0131lan iftiralar\u0131n da millet nezdinde kar\u015f\u0131l\u0131k bulmayaca\u011f\u0131n\u0131 ifade etti.<br \/><\/p>\n","protected":false},"excerpt":{"rendered":"<p>\u0130zmir\u2019de CHP\u2019li belediyelerin \u00e7\u00f6z\u00fcm \u00fcretemedi\u011fi \u00e7\u00f6p kriziyle ilgili sorumlulu\u011fu \u00c7evre ve \u015eehircilik Bakanl\u0131\u011f\u0131na y\u00fcklemeye \u00e7al\u0131\u015fan CHP Genel Ba\u015fkan Yard\u0131mc\u0131s\u0131 G\u00f6kan Zeybek\u2019e, AK Parti Genel Sekreteri Ey\u00fcp Kadir \u0130nan\u2019dan sert tepki geldi. \u0130nan, &#8220;\u0130zmir\u2019i \u00e7\u00f6p da\u011flar\u0131na mahkum eden sizsiniz. Ger\u00e7ekleri ters y\u00fcz edip devlete iftira atan da sizsiniz. Bundan sonra ricalar\u0131n\u0131z kapal\u0131 kap\u0131lar ard\u0131nda de\u011fil, b\u00fct\u00fcn&#8230;<\/p>\n","protected":false},"author":1,"featured_media":57150,"comment_status":"open","ping_status":"open","sticky":false,"template":"","format":"standard","meta":{"_crdt_document":"","footnotes":""},"categories":[127],"tags":[],"class_list":["post-57149","post","type-post","status-publish","format-standard","has-post-thumbnail","hentry","category-siyaset"],"_links":{"self":[{"href":"https:\/\/www.egemtv.com\/index.php?rest_route=\/wp\/v2\/posts\/57149","targetHints":{"allow":["GET"]}}],"collection":[{"href":"https:\/\/www.egemtv.com\/index.php?rest_route=\/wp\/v2\/posts"}],"about":[{"href":"https:\/\/www.egemtv.com\/index.php?rest_route=\/wp\/v2\/types\/post"}],"author":[{"embeddable":true,"href":"https:\/\/www.egemtv.com\/index.php?rest_route=\/wp\/v2\/users\/1"}],"replies":[{"embeddable":true,"href":"https:\/\/www.egemtv.com\/index.php?rest_route=%2Fwp%2Fv2%2Fcomments&post=57149"}],"version-history":[{"count":1,"href":"https:\/\/www.egemtv.com\/index.php?rest_route=\/wp\/v2\/posts\/57149\/revisions"}],"predecessor-version":[{"id":57151,"href":"https:\/\/www.egemtv.com\/index.php?rest_route=\/wp\/v2\/posts\/57149\/revisions\/57151"}],"wp:featuredmedia":[{"embeddable":true,"href":"https:\/\/www.egemtv.com\/index.php?rest_route=\/wp\/v2\/media\/57150"}],"wp:attachment":[{"href":"https:\/\/www.egemtv.com\/index.php?rest_route=%2Fwp%2Fv2%2Fmedia&parent=57149"}],"wp:term":[{"taxonomy":"category","embeddable":true,"href":"https:\/\/www.egemtv.com\/index.php?rest_route=%2Fwp%2Fv2%2Fcategories&post=57149"},{"taxonomy":"post_tag","embeddable":true,"href":"https:\/\/www.egemtv.com\/index.php?rest_route=%2Fwp%2Fv2%2Ftags&post=57149"}],"curies":[{"name":"wp","href":"https:\/\/api.w.org\/{rel}","templated":true}]}}