{"id":57146,"date":"2025-09-25T09:55:45","date_gmt":"2025-09-25T06:55:45","guid":{"rendered":"https:\/\/www.egemtv.com\/?p=57146"},"modified":"2025-09-25T09:55:46","modified_gmt":"2025-09-25T06:55:46","slug":"ahilik-haftasi-kirkagacta-kutlandi","status":"publish","type":"post","link":"https:\/\/www.egemtv.com\/?p=57146","title":{"rendered":"Ahilik Haftas\u0131 K\u0131rka\u011fa\u00e7\u2019ta kutland\u0131"},"content":{"rendered":"<p>38. Ahilik Haftas\u0131 t\u00fcm T\u00fcrkiye\u2019de oldu\u011fu gibi Manisa\u2019n\u0131n K\u0131rka\u011fa\u00e7 il\u00e7esinde de \u00e7e\u015fitli etkinliklerle kutland\u0131.<br \/>\n<br \/>23-29 Eyl\u00fcl tarihleri aras\u0131nda kutlanan Ahilik Haftas\u0131 bu y\u0131l K\u0131rka\u011fa\u00e7\u2019ta Sanayi Camisi bah\u00e7esinde d\u00fczenlendi. Program K\u0131rka\u011fa\u00e7 Esnaf ve Sanatkarlar Odas\u0131 Ba\u015fkanl\u0131\u011f\u0131 taraf\u0131ndan organize edilirken, K\u0131rka\u011fa\u00e7 Mesleki ve Teknik Anadolu Lisesi \u00f6\u011fretmen ve \u00f6\u011frencileri de etkinliklere destek verdi.<br \/>\n<br \/>K\u0131rka\u011fa\u00e7 Esnaf ve Sanatkarlar Odas\u0131 Ba\u015fkan\u0131 Mehmet \u00d6z\u00e7etin\u2019in &#8220;Esnaflarla i\u00e7 i\u00e7e olmak amac\u0131yla&#8221; bu y\u0131l sanayi sitesinde organize etti\u011fi programa esnaflar b\u00fcy\u00fck ilgi g\u00f6sterdi.<br \/>\n<br \/>Programa K\u0131rka\u011fa\u00e7 Kaymakam\u0131 Zafer Oktay, K\u0131rka\u011fa\u00e7 \u0130l\u00e7e Milli E\u011fitim M\u00fcd\u00fcr\u00fc Halil Boncuk, \u0130l\u00e7e Emniyet M\u00fcd\u00fcr\u00fc Say\u0131m Ba\u015faran, okul m\u00fcd\u00fcrleri, daire amirleri, STK ve siyasi parti temsilcileri ile vatanda\u015flar kat\u0131ld\u0131.<br \/>\n<br \/>Sayg\u0131 duru\u015funda bulunulmas\u0131 ve \u0130stiklal Mar\u015f\u0131\u2019n\u0131n okunmas\u0131 ile ba\u015flayan programda s\u0131ras\u0131yla K\u0131rka\u011fa\u00e7 Mesleki ve Teknik Anadolu Lisesi Okul M\u00fcd\u00fcr\u00fc Halil Solak ve K\u0131rka\u011fa\u00e7 Kaymakam\u0131 Zafer Oktay birer konu\u015fma yapt\u0131.<br \/>\n<br \/>Program \u2019Y\u0131l\u0131n Ahisi\u2019 se\u00e7ilen Alahaddin Ac\u0131rel, \u2019Y\u0131l\u0131n Ustas\u0131\u2019 Mehmet Akansu, \u2019Y\u0131l\u0131n Kalfas\u0131\u2019 Ali Mert ve \u2019Y\u0131l\u0131n \u00c7\u0131ra\u011f\u0131\u2019 se\u00e7ilen Hakk\u0131 \u00d6zkan\u2019a plaket takdimiyle son buldu.<br \/>\n<br \/>Etkinli\u011fin sonunda pilav-ayran ikram\u0131 yap\u0131ld\u0131.<br \/><\/p>\n","protected":false},"excerpt":{"rendered":"<p>38. Ahilik Haftas\u0131 t\u00fcm T\u00fcrkiye\u2019de oldu\u011fu gibi Manisa\u2019n\u0131n K\u0131rka\u011fa\u00e7 il\u00e7esinde de \u00e7e\u015fitli etkinliklerle kutland\u0131. 23-29 Eyl\u00fcl tarihleri aras\u0131nda kutlanan Ahilik Haftas\u0131 bu y\u0131l K\u0131rka\u011fa\u00e7\u2019ta Sanayi Camisi bah\u00e7esinde d\u00fczenlendi. Program K\u0131rka\u011fa\u00e7 Esnaf ve Sanatkarlar Odas\u0131 Ba\u015fkanl\u0131\u011f\u0131 taraf\u0131ndan organize edilirken, K\u0131rka\u011fa\u00e7 Mesleki ve Teknik Anadolu Lisesi \u00f6\u011fretmen ve \u00f6\u011frencileri de etkinliklere destek verdi. K\u0131rka\u011fa\u00e7 Esnaf ve Sanatkarlar&#8230;<\/p>\n","protected":false},"author":1,"featured_media":57147,"comment_status":"open","ping_status":"open","sticky":false,"template":"","format":"standard","meta":{"_crdt_document":"","footnotes":""},"categories":[1],"tags":[],"class_list":["post-57146","post","type-post","status-publish","format-standard","has-post-thumbnail","hentry","category-guncel"],"_links":{"self":[{"href":"https:\/\/www.egemtv.com\/index.php?rest_route=\/wp\/v2\/posts\/57146","targetHints":{"allow":["GET"]}}],"collection":[{"href":"https:\/\/www.egemtv.com\/index.php?rest_route=\/wp\/v2\/posts"}],"about":[{"href":"https:\/\/www.egemtv.com\/index.php?rest_route=\/wp\/v2\/types\/post"}],"author":[{"embeddable":true,"href":"https:\/\/www.egemtv.com\/index.php?rest_route=\/wp\/v2\/users\/1"}],"replies":[{"embeddable":true,"href":"https:\/\/www.egemtv.com\/index.php?rest_route=%2Fwp%2Fv2%2Fcomments&post=57146"}],"version-history":[{"count":1,"href":"https:\/\/www.egemtv.com\/index.php?rest_route=\/wp\/v2\/posts\/57146\/revisions"}],"predecessor-version":[{"id":57148,"href":"https:\/\/www.egemtv.com\/index.php?rest_route=\/wp\/v2\/posts\/57146\/revisions\/57148"}],"wp:featuredmedia":[{"embeddable":true,"href":"https:\/\/www.egemtv.com\/index.php?rest_route=\/wp\/v2\/media\/57147"}],"wp:attachment":[{"href":"https:\/\/www.egemtv.com\/index.php?rest_route=%2Fwp%2Fv2%2Fmedia&parent=57146"}],"wp:term":[{"taxonomy":"category","embeddable":true,"href":"https:\/\/www.egemtv.com\/index.php?rest_route=%2Fwp%2Fv2%2Fcategories&post=57146"},{"taxonomy":"post_tag","embeddable":true,"href":"https:\/\/www.egemtv.com\/index.php?rest_route=%2Fwp%2Fv2%2Ftags&post=57146"}],"curies":[{"name":"wp","href":"https:\/\/api.w.org\/{rel}","templated":true}]}}