{"id":57116,"date":"2025-09-24T21:35:11","date_gmt":"2025-09-24T18:35:11","guid":{"rendered":"https:\/\/www.egemtv.com\/?p=57116"},"modified":"2025-09-24T21:35:12","modified_gmt":"2025-09-24T18:35:12","slug":"usakta-ahilik-haftasi-cesitli-etkinliklerle-kutlandi","status":"publish","type":"post","link":"https:\/\/www.egemtv.com\/?p=57116","title":{"rendered":"U\u015fak\u2019ta Ahilik Haftas\u0131 \u00e7e\u015fitli etkinliklerle kutland\u0131"},"content":{"rendered":"<p>U\u015fak\u2019ta Ahilik Haftas\u0131 \u00e7e\u015fitli etkinliklerle kutland\u0131.<\/p>\n<p>22-28 Eyl\u00fcl 2025 Ahilik Haftas\u0131 nedeniyle Y\u00f6resel \u00dcr\u00fcnler \u00c7ar\u015f\u0131s\u0131\u2019nda program d\u00fczenlendi. Sayg\u0131 duru\u015fu ve \u0130stiklal Mar\u015f\u0131n\u0131n okunmas\u0131 ile ba\u015flayan programa U\u015fak Valisi Naci Akta\u015f, AK Parti U\u015fak Milletvekili \u0130smail G\u00fcne\u015f, CHP U\u015fak Milletvekili Ali Karaoba, Belediye Ba\u015fkan\u0131 \u00d6zkan Yal\u0131m, \u0130l Jandarma Komutan\u0131 K\u0131demli Albay \u00d6zg\u00fcr K\u0131l\u0131\u00e7, \u0130l Emniyet M\u00fcd\u00fcr\u00fc Taner \u00c7ift\u00e7i, Esnaf ve Sanatk\u00e2rlar Odalar Birli\u011fi Ba\u015fkan\u0131 Atalay Sava\u015f, daire m\u00fcd\u00fcrleri ve esnaflar kat\u0131ld\u0131.<br \/>\n<br \/>Burada konu\u015fma yapan Vali Akta\u015f; &#8220;Ahilik sayesinde toplumumuz, \u00fcretmenin kutsall\u0131\u011f\u0131n\u0131, helal kazanc\u0131n de\u011ferini, payla\u015fman\u0131n erdemini ve ahlakl\u0131 ticaretin bereketini \u00f6\u011frenmi\u015ftir. Bu de\u011ferler, bir milletin hem ekonomik anlamda kalk\u0131nmas\u0131na hem de sosyal bar\u0131\u015f i\u00e7inde ya\u015famas\u0131na sa\u011flam bir zemin olu\u015fturmu\u015ftur. Bug\u00fcn geldi\u011fimiz noktada a\u00e7\u0131k\u00e7a ifade etmek gerekir ki, \u00fclkemizin geli\u015fmesi, kalk\u0131nmas\u0131 ve milli hedeften ula\u015fmas\u0131 ahilikte hayat bulan bu de\u011ferlerin ya\u015fat\u0131lmas\u0131yla m\u00fcmk\u00fcn olacakt\u0131r. Dilini, elini, belini ba\u011fl\u0131, kap\u0131n\u0131, sofran\u0131, g\u00f6nl\u00fcn\u00fc a\u00e7\u0131k tutan anlay\u0131\u015f\u0131yla Anadolu\u2019da sadece bir ekonomik d\u00fczen de\u011fil, ayn\u0131 zamanda bir ahlak nizam\u0131 kuran b\u00fcy\u00fck y\u00f6nelik insan Ahi Evren Veli ba\u015fta olmak \u00fczere ebediyet irtihal eden t\u00fcm ahileri, esnaf ve sanatk\u00e2rlar\u0131m\u0131z\u0131 rahmetli milletle an\u0131yorum.&#8221; dedi.<br \/>\n<br \/>Konu\u015fmalar\u0131n ard\u0131ndan \u00f6d\u00fcller sahiplerini buldu. 50 y\u0131ll\u0131k saat tamircili\u011fi yapan Ali Y\u0131lmaz y\u0131l\u0131n Ahisi se\u00e7ildi. Y\u0131lmaz\u2019a c\u00fcbbesini Vali Akta\u015f taraf\u0131ndan giydirildi. Y\u0131l\u0131n kalfas\u0131 unvan\u0131n\u0131 Ensar Y\u0131lmaz, y\u0131l\u0131n \u00e7\u0131ra\u011f\u0131 unvan\u0131n\u0131 ise Hasan Emir Akku\u015f\u2019a verildi.<br \/>\n<br \/>\u00d6d\u00fcl t\u00f6renin ard\u0131ndan program, halk oyunlar\u0131 ve Kent Orkestras\u0131 taraf\u0131ndan verilen konser ile son buldu.<br \/>\n<br \/>\u00d6te yandan programda, Milletvekilleri G\u00fcne\u015f ve Karaoba, Ba\u015fkan Yal\u0131m ve Esnaf ve Sanatk\u00e2rlar Odalar Birli\u011fi Ba\u015fkan\u0131 Atalay Sava\u015f\u2019ta konu\u015fma yapt\u0131.<br \/><\/p>\n","protected":false},"excerpt":{"rendered":"<p>U\u015fak\u2019ta Ahilik Haftas\u0131 \u00e7e\u015fitli etkinliklerle kutland\u0131. 22-28 Eyl\u00fcl 2025 Ahilik Haftas\u0131 nedeniyle Y\u00f6resel \u00dcr\u00fcnler \u00c7ar\u015f\u0131s\u0131\u2019nda program d\u00fczenlendi. Sayg\u0131 duru\u015fu ve \u0130stiklal Mar\u015f\u0131n\u0131n okunmas\u0131 ile ba\u015flayan programa U\u015fak Valisi Naci Akta\u015f, AK Parti U\u015fak Milletvekili \u0130smail G\u00fcne\u015f, CHP U\u015fak Milletvekili Ali Karaoba, Belediye Ba\u015fkan\u0131 \u00d6zkan Yal\u0131m, \u0130l Jandarma Komutan\u0131 K\u0131demli Albay \u00d6zg\u00fcr K\u0131l\u0131\u00e7, \u0130l Emniyet M\u00fcd\u00fcr\u00fc&#8230;<\/p>\n","protected":false},"author":1,"featured_media":57117,"comment_status":"open","ping_status":"open","sticky":false,"template":"","format":"standard","meta":{"_crdt_document":"","footnotes":""},"categories":[123],"tags":[],"class_list":["post-57116","post","type-post","status-publish","format-standard","has-post-thumbnail","hentry","category-gundem"],"_links":{"self":[{"href":"https:\/\/www.egemtv.com\/index.php?rest_route=\/wp\/v2\/posts\/57116","targetHints":{"allow":["GET"]}}],"collection":[{"href":"https:\/\/www.egemtv.com\/index.php?rest_route=\/wp\/v2\/posts"}],"about":[{"href":"https:\/\/www.egemtv.com\/index.php?rest_route=\/wp\/v2\/types\/post"}],"author":[{"embeddable":true,"href":"https:\/\/www.egemtv.com\/index.php?rest_route=\/wp\/v2\/users\/1"}],"replies":[{"embeddable":true,"href":"https:\/\/www.egemtv.com\/index.php?rest_route=%2Fwp%2Fv2%2Fcomments&post=57116"}],"version-history":[{"count":1,"href":"https:\/\/www.egemtv.com\/index.php?rest_route=\/wp\/v2\/posts\/57116\/revisions"}],"predecessor-version":[{"id":57118,"href":"https:\/\/www.egemtv.com\/index.php?rest_route=\/wp\/v2\/posts\/57116\/revisions\/57118"}],"wp:featuredmedia":[{"embeddable":true,"href":"https:\/\/www.egemtv.com\/index.php?rest_route=\/wp\/v2\/media\/57117"}],"wp:attachment":[{"href":"https:\/\/www.egemtv.com\/index.php?rest_route=%2Fwp%2Fv2%2Fmedia&parent=57116"}],"wp:term":[{"taxonomy":"category","embeddable":true,"href":"https:\/\/www.egemtv.com\/index.php?rest_route=%2Fwp%2Fv2%2Fcategories&post=57116"},{"taxonomy":"post_tag","embeddable":true,"href":"https:\/\/www.egemtv.com\/index.php?rest_route=%2Fwp%2Fv2%2Ftags&post=57116"}],"curies":[{"name":"wp","href":"https:\/\/api.w.org\/{rel}","templated":true}]}}