{"id":57113,"date":"2025-09-24T21:35:09","date_gmt":"2025-09-24T18:35:09","guid":{"rendered":"https:\/\/www.egemtv.com\/?p=57113"},"modified":"2025-09-24T21:35:11","modified_gmt":"2025-09-24T18:35:11","slug":"manisada-3-firari-sahis-ayni-evde-yakalandi","status":"publish","type":"post","link":"https:\/\/www.egemtv.com\/?p=57113","title":{"rendered":"Manisa\u2019da 3 firari \u015fah\u0131s ayn\u0131 evde yakaland\u0131"},"content":{"rendered":"<p>Manisa\u2019n\u0131n Yunusemre il\u00e7esinde ger\u00e7ekle\u015ftirilen operasyonda ikisi kad\u0131n 3 firari \u015fah\u0131s yakaland\u0131. \u015e\u00fcphelilerin toplamda 73 y\u0131l kesinle\u015fmi\u015f hapis cezas\u0131 bulundu\u011fu tespit edilirken, ikamette yap\u0131lan aramada 22,63 gram esrar ele ge\u00e7irildi.<br \/>\n<br \/>Manisa \u0130l Emniyet M\u00fcd\u00fcrl\u00fc\u011f\u00fc Asayi\u015f \u015eube M\u00fcd\u00fcrl\u00fc\u011f\u00fc Aranan \u015eah\u0131slar B\u00fcro Amirli\u011fi ve \u0130stihbarat \u015eube M\u00fcd\u00fcrl\u00fc\u011f\u00fc ekipleri, Yunusemre il\u00e7esi Barbaros Mahallesi\u2019nde firari \u015fah\u0131slar\u0131n sakland\u0131\u011f\u0131 bir adrese operasyon d\u00fczenledi. Operasyonda 3 firari \u015fah\u0131s yakaland\u0131.<br \/>\n<br \/>2016 y\u0131l\u0131ndan bu yana 9 y\u0131ld\u0131r firari olan A.A. (39) hakk\u0131nda; h\u0131rs\u0131zl\u0131k, konut dokunulmazl\u0131\u011f\u0131n\u0131 ihlal, mala zarar verme, yaralama, uyu\u015fturucu madde kullanma, su\u00e7 delillerini yok etme, trafik g\u00fcvenli\u011fini tehlikeye sokma su\u00e7lar\u0131ndan toplam 32 ayr\u0131 yakalama emri bulundu\u011fu ve \u015fahs\u0131n 27 y\u0131l 20 g\u00fcn hapis cezas\u0131 oldu\u011fu belirlendi.<br \/>\n<br \/>2019 y\u0131l\u0131ndan itibaren 6 y\u0131ld\u0131r firari olan Y.A. (32) hakk\u0131nda; h\u0131rs\u0131zl\u0131k, konut dokunulmazl\u0131\u011f\u0131n\u0131 ihlal ve mala zarar verme su\u00e7lar\u0131ndan 16 ayr\u0131 yakalama emri bulundu\u011fu ve \u015fahs\u0131n 15 y\u0131l 7 ay hapis cezas\u0131 oldu\u011fu tespit edildi.<br \/>\n<br \/>2022 y\u0131l\u0131ndan beri 3 y\u0131ld\u0131r firari olan A.K. (48) hakk\u0131nda ise; h\u0131rs\u0131zl\u0131k ve taklit anahtarla kilit a\u00e7ma su\u00e7lar\u0131ndan 5 ayr\u0131 yakalama emri oldu\u011fu, \u015fahs\u0131n 21 y\u0131l 7 ay 21 g\u00fcn hapis cezas\u0131 bulundu\u011fu \u00f6\u011frenildi.<br \/>\n<br \/>Operasyonda ayr\u0131ca ikamette yap\u0131lan aramada 22,63 gram esrar ele ge\u00e7irildi. Yakalanan 3 \u015f\u00fcpheli, i\u015flemlerinin ard\u0131ndan cezaevine teslim edildi.<br \/><\/p>\n","protected":false},"excerpt":{"rendered":"<p>Manisa\u2019n\u0131n Yunusemre il\u00e7esinde ger\u00e7ekle\u015ftirilen operasyonda ikisi kad\u0131n 3 firari \u015fah\u0131s yakaland\u0131. \u015e\u00fcphelilerin toplamda 73 y\u0131l kesinle\u015fmi\u015f hapis cezas\u0131 bulundu\u011fu tespit edilirken, ikamette yap\u0131lan aramada 22,63 gram esrar ele ge\u00e7irildi. Manisa \u0130l Emniyet M\u00fcd\u00fcrl\u00fc\u011f\u00fc Asayi\u015f \u015eube M\u00fcd\u00fcrl\u00fc\u011f\u00fc Aranan \u015eah\u0131slar B\u00fcro Amirli\u011fi ve \u0130stihbarat \u015eube M\u00fcd\u00fcrl\u00fc\u011f\u00fc ekipleri, Yunusemre il\u00e7esi Barbaros Mahallesi\u2019nde firari \u015fah\u0131slar\u0131n sakland\u0131\u011f\u0131 bir adrese operasyon&#8230;<\/p>\n","protected":false},"author":1,"featured_media":57114,"comment_status":"open","ping_status":"open","sticky":false,"template":"","format":"standard","meta":{"_crdt_document":"","footnotes":""},"categories":[5],"tags":[],"class_list":["post-57113","post","type-post","status-publish","format-standard","has-post-thumbnail","hentry","category-asayis"],"_links":{"self":[{"href":"https:\/\/www.egemtv.com\/index.php?rest_route=\/wp\/v2\/posts\/57113","targetHints":{"allow":["GET"]}}],"collection":[{"href":"https:\/\/www.egemtv.com\/index.php?rest_route=\/wp\/v2\/posts"}],"about":[{"href":"https:\/\/www.egemtv.com\/index.php?rest_route=\/wp\/v2\/types\/post"}],"author":[{"embeddable":true,"href":"https:\/\/www.egemtv.com\/index.php?rest_route=\/wp\/v2\/users\/1"}],"replies":[{"embeddable":true,"href":"https:\/\/www.egemtv.com\/index.php?rest_route=%2Fwp%2Fv2%2Fcomments&post=57113"}],"version-history":[{"count":1,"href":"https:\/\/www.egemtv.com\/index.php?rest_route=\/wp\/v2\/posts\/57113\/revisions"}],"predecessor-version":[{"id":57115,"href":"https:\/\/www.egemtv.com\/index.php?rest_route=\/wp\/v2\/posts\/57113\/revisions\/57115"}],"wp:featuredmedia":[{"embeddable":true,"href":"https:\/\/www.egemtv.com\/index.php?rest_route=\/wp\/v2\/media\/57114"}],"wp:attachment":[{"href":"https:\/\/www.egemtv.com\/index.php?rest_route=%2Fwp%2Fv2%2Fmedia&parent=57113"}],"wp:term":[{"taxonomy":"category","embeddable":true,"href":"https:\/\/www.egemtv.com\/index.php?rest_route=%2Fwp%2Fv2%2Fcategories&post=57113"},{"taxonomy":"post_tag","embeddable":true,"href":"https:\/\/www.egemtv.com\/index.php?rest_route=%2Fwp%2Fv2%2Ftags&post=57113"}],"curies":[{"name":"wp","href":"https:\/\/api.w.org\/{rel}","templated":true}]}}