{"id":57110,"date":"2025-09-24T21:14:49","date_gmt":"2025-09-24T18:14:49","guid":{"rendered":"https:\/\/www.egemtv.com\/?p=57110"},"modified":"2025-09-24T21:14:49","modified_gmt":"2025-09-24T18:14:49","slug":"bodrumda-scooter-ile-motosiklet-carpisti-3-yarali","status":"publish","type":"post","link":"https:\/\/www.egemtv.com\/?p=57110","title":{"rendered":"Bodrum\u2019da scooter ile motosiklet \u00e7arp\u0131\u015ft\u0131: 3 yaral\u0131"},"content":{"rendered":"<p>Mu\u011fla\u2019n\u0131n Bodrum il\u00e7esinde scooter ile motosikletin \u00e7arp\u0131\u015ft\u0131\u011f\u0131 kazada 3 ki\u015fi yaraland\u0131, ara\u00e7larda maddi hasar meydana gelirken, o anlar g\u00fcvenlik kameras\u0131na yans\u0131d\u0131.<\/p>\n<p>Kaza, Bodurm il\u00e7esi Atat\u00fcrk Caddesi \u00fczerinde meydana geldi. Edinilen bilgiye g\u00f6re A.U. y\u00f6netimindeki scooter ile E.B.K. idaresindeki 48 ALH 365 plakal\u0131 motosiklet \u00e7arp\u0131\u015ft\u0131. \u00c7arp\u0131\u015fman\u0131n etkisiyle yere savrulan motosiklet s\u00fcr\u00fcc\u00fcs\u00fc, scooter s\u00fcr\u00fcc\u00fc ve scooter arkas\u0131ndaki yolcu yaraland\u0131. \u0130hbar \u00fczerine olay yerine polis ve sa\u011fl\u0131k ekipleri sevk edildi. \u0130lk m\u00fcdahalesi kaza yerinde yap\u0131lan yaral\u0131lar hastaneye kald\u0131r\u0131ld\u0131. Scooter s\u00fcr\u00fcc\u00fcs\u00fc A.U. ve yolcu V.A.\u2019n\u0131n sa\u011fl\u0131k durumlar\u0131n\u0131n iyi oldu\u011fu \u00f6\u011frenilirken, kazayla ilgili inceleme ba\u015flat\u0131ld\u0131.<\/p>\n<p>Kaza an\u0131 ise b\u00f6lgedeki g\u00fcvenlik kameralar\u0131na anbean yans\u0131d\u0131. G\u00f6r\u00fct\u00fclerde motosiklet ile scooter\u0131n \u00e7arp\u0131\u015fma an\u0131 ve yola savrulmalar\u0131 yer ald\u0131.<br \/><\/p>\n","protected":false},"excerpt":{"rendered":"<p>Mu\u011fla\u2019n\u0131n Bodrum il\u00e7esinde scooter ile motosikletin \u00e7arp\u0131\u015ft\u0131\u011f\u0131 kazada 3 ki\u015fi yaraland\u0131, ara\u00e7larda maddi hasar meydana gelirken, o anlar g\u00fcvenlik kameras\u0131na yans\u0131d\u0131. Kaza, Bodurm il\u00e7esi Atat\u00fcrk Caddesi \u00fczerinde meydana geldi. Edinilen bilgiye g\u00f6re A.U. y\u00f6netimindeki scooter ile E.B.K. idaresindeki 48 ALH 365 plakal\u0131 motosiklet \u00e7arp\u0131\u015ft\u0131. \u00c7arp\u0131\u015fman\u0131n etkisiyle yere savrulan motosiklet s\u00fcr\u00fcc\u00fcs\u00fc, scooter s\u00fcr\u00fcc\u00fc ve scooter arkas\u0131ndaki&#8230;<\/p>\n","protected":false},"author":1,"featured_media":57111,"comment_status":"open","ping_status":"open","sticky":false,"template":"","format":"standard","meta":{"_crdt_document":"","footnotes":""},"categories":[5],"tags":[],"class_list":["post-57110","post","type-post","status-publish","format-standard","has-post-thumbnail","hentry","category-asayis"],"_links":{"self":[{"href":"https:\/\/www.egemtv.com\/index.php?rest_route=\/wp\/v2\/posts\/57110","targetHints":{"allow":["GET"]}}],"collection":[{"href":"https:\/\/www.egemtv.com\/index.php?rest_route=\/wp\/v2\/posts"}],"about":[{"href":"https:\/\/www.egemtv.com\/index.php?rest_route=\/wp\/v2\/types\/post"}],"author":[{"embeddable":true,"href":"https:\/\/www.egemtv.com\/index.php?rest_route=\/wp\/v2\/users\/1"}],"replies":[{"embeddable":true,"href":"https:\/\/www.egemtv.com\/index.php?rest_route=%2Fwp%2Fv2%2Fcomments&post=57110"}],"version-history":[{"count":1,"href":"https:\/\/www.egemtv.com\/index.php?rest_route=\/wp\/v2\/posts\/57110\/revisions"}],"predecessor-version":[{"id":57112,"href":"https:\/\/www.egemtv.com\/index.php?rest_route=\/wp\/v2\/posts\/57110\/revisions\/57112"}],"wp:featuredmedia":[{"embeddable":true,"href":"https:\/\/www.egemtv.com\/index.php?rest_route=\/wp\/v2\/media\/57111"}],"wp:attachment":[{"href":"https:\/\/www.egemtv.com\/index.php?rest_route=%2Fwp%2Fv2%2Fmedia&parent=57110"}],"wp:term":[{"taxonomy":"category","embeddable":true,"href":"https:\/\/www.egemtv.com\/index.php?rest_route=%2Fwp%2Fv2%2Fcategories&post=57110"},{"taxonomy":"post_tag","embeddable":true,"href":"https:\/\/www.egemtv.com\/index.php?rest_route=%2Fwp%2Fv2%2Ftags&post=57110"}],"curies":[{"name":"wp","href":"https:\/\/api.w.org\/{rel}","templated":true}]}}