{"id":57104,"date":"2025-09-24T19:15:02","date_gmt":"2025-09-24T16:15:02","guid":{"rendered":"https:\/\/www.egemtv.com\/?p=57104"},"modified":"2025-09-24T19:15:03","modified_gmt":"2025-09-24T16:15:03","slug":"zeki-muren-vefatinin-29-yilinda-anildi","status":"publish","type":"post","link":"https:\/\/www.egemtv.com\/?p=57104","title":{"rendered":"Zeki M\u00fcren, vefat\u0131n\u0131n 29. y\u0131l\u0131nda an\u0131ld\u0131"},"content":{"rendered":"<p>T\u00fcrk Sanat M\u00fczi\u011fi\u2019nin unutulmaz ismi Zeki M\u00fcren, vefat\u0131n\u0131n 29. y\u0131l\u0131nda Bodrum\u2019da d\u00fczenlenen programla an\u0131ld\u0131.<br \/>\n<br \/>T\u00fcm mal varl\u0131\u011f\u0131n\u0131 T\u00fcrk Silahl\u0131 Kuvvetleri Mehmet\u00e7ik Vakf\u0131 ve T\u00fcrk E\u011fitim Vakf\u0131\u2019na ba\u011f\u0131\u015flayan ve Sanat G\u00fcne\u015fi lakab\u0131yla tan\u0131nan Zeki M\u00fcren, vefat\u0131n\u0131n 29\u2019uncu y\u0131l d\u00f6n\u00fcm\u00fcnde an\u0131l\u0131yor. Zeki M\u00fcren, vefat\u0131ndan bu yana oldu\u011fu gibi TSK Mehmet\u00e7ik Vakf\u0131 ve T\u00fcrk E\u011fitim Vakf\u0131 i\u015f birli\u011finde Bodrum\u2019da anma t\u00f6reni d\u00fczenlendi.<br \/>\n<br \/>M\u00fcren\u2019in Bodrum\u2019da yer alan ve m\u00fcze olarak kullan\u0131lan evinde Tepecik Camii \u0130mam\u0131 Y\u00fcksel K\u0131l\u0131n\u00e7arslan ve tarihi K\u0131z\u0131lhisarl\u0131 Mustafa Pa\u015fa Camii M\u00fcezzin Kayy\u0131m\u0131 Erol Bulca taraf\u0131ndan mevlit okundu. Dualar\u0131n okundu\u011fu anma t\u00f6renine Bodrum Belediye Ba\u015fkan Vekili Emel \u00c7akalo\u011flu, Belediye Ba\u015fkan Yard\u0131mc\u0131s\u0131 Kanat \u00d6zsert, Kaymakam Ali S\u0131rmal\u0131\u2019n\u0131n e\u015fi Nuray S\u0131rmal\u0131\u2019n\u0131n da aralar\u0131nda oldu\u011fu \u00e7ok say\u0131da vatanda\u015f kat\u0131ld\u0131.<br \/>\n<br \/>Belediye Ba\u015fkan Vekili Emel \u00c7akalo\u011flu, t\u00f6rende yapt\u0131\u011f\u0131 konu\u015fmada, &#8220;Bug\u00fcn hep birlikte anma etkinli\u011findeyiz, yine bir y\u0131l\u0131 daha onsuz ge\u00e7irdik. Ruhu \u015fad olsun. Bug\u00fcn g\u00fczel g\u00f6n\u00fcll\u00fc insan\u0131m\u0131z\u0131n yan\u0131nday\u0131z. Her zaman rahmetle, sevgiyle anaca\u011f\u0131z. Allah kabul eylesin diyorum&#8221; ifadelerine yer verdi.<br \/>\n<br \/>T\u00fcrk Silahl\u0131 Kuvvetleri Mehmet\u00e7ik Vakf\u0131 Genel M\u00fcd\u00fcr\u00fc Emekli \u0130smail \u015eanl\u0131 ise, &#8220;Rahmetli Sanat G\u00fcne\u015fimiz Zeki M\u00fcren gibi de\u011ferli ba\u011f\u0131\u015f\u00e7\u0131lar\u0131m\u0131z\u0131n ba\u011f\u0131\u015flar\u0131yla Mehmet\u00e7ik Vakf\u0131 kuruldu\u011fu tarihten bu yana 43 y\u0131lda yakla\u015f\u0131k 57 bin ki\u015fiye yard\u0131m yapm\u0131\u015f. Halihaz\u0131rda 16 bin 759 ki\u015fiye, ki bunlar \u015fehit aileleri, \u00e7ocuklar\u0131, gazilerimiz, engellilerimiz, ailelerimizdir, d\u00fczenli olarak ayl\u0131k 70 milyon ba\u011f\u0131\u015f yapan bir vak\u0131f haline gelmi\u015ftir. Bu konuda en b\u00fcy\u00fck destek, rahmetli Zeki M\u00fcren gibi hay\u0131rsever ba\u011f\u0131\u015f\u00e7\u0131lar\u0131m\u0131zd\u0131r. Sadece sanat\u00e7\u0131 ki\u015fili\u011fi de\u011fil, m\u00fctevaz\u0131 duru\u015fu, e\u011fitime verdi\u011fi destek, vatanperverli\u011fi, asker sevgisi, Mehmet\u00e7ik sevgisi ile k\u00fclt\u00fcr\u00fcyle, birikimiyle hepimizin g\u00f6nl\u00fcne taht kurmu\u015f Sanat G\u00fcne\u015fimiz Zeki M\u00fcren\u2019in tekrar ruhu \u015fad olsun, mak\u00e2n\u0131 cennet olsun diyoruz&#8221; dedi.<\/p>\n<p>&#8220;Zeki M\u00fcren\u2019i 29. \u00f6l\u00fcm y\u0131l\u0131nda bir vefat borcu olarak burada bir araya gelerek an\u0131yoruz&#8221; diyen TEV Y\u00f6netim Kurulu Ba\u015fkan\u0131 Prof. Dr. Mehmet \u015e\u00fckr\u00fc Tekba\u015f da \u015fu s\u00f6zlere yer verdi:<br \/>\n<br \/>&#8220;Bug\u00fcn, Pa\u015fa\u2019m\u0131n da ifade etti\u011fi gibi benzer bir merasim, Bursa\u2019da da kabri ba\u015f\u0131nda yap\u0131ld\u0131. Zeki M\u00fcren \u00e7ok \u00f6zel biriydi, anlatmak kolay de\u011fildi. Zeki M\u00fcren, G\u00fczel Sanatlar Akademisi\u2019nde desen, tasar\u0131m e\u011fitimleri ald\u0131. G\u00fcfteleri var, icralar\u0131 var ve T\u00fcrkiye\u2019nin Sanat G\u00fcne\u015fi\u2019ydi. Ve T\u00fcrkiye\u2019nin en g\u00fczel konu\u015fan\u0131, hepimizin televizyonlar\u0131na, radyolar\u0131na girmi\u015f, bizden, ailelerimizden biri olmu\u015f biriydi. Ama Zeki M\u00fcren\u2019in \u00e7ok \u00f6zel bir y\u00f6n\u00fc daha vard\u0131 ki, o da hay\u0131rseverli\u011fiydi. Bug\u00fcn, Zeki M\u00fcren sayesinde y\u00fczlerce, binlerce T\u00fcrk genci okuma imkan\u0131 buldu. Kendilerine ve ailelerine \u00fcmit \u0131\u015f\u0131\u011f\u0131 oldu. B\u00fct\u00fcn mal varl\u0131\u011f\u0131n\u0131 Mehmet\u00e7ik ve T\u00fcrkiye E\u011fitim Vakf\u0131\u2019na b\u0131rakm\u0131\u015ft\u0131.&#8221;<br \/>\n<br \/>Zeki M\u00fcren\u2019in ye\u011feni \u00d6zlem G\u00fcner de t\u00f6rene kat\u0131lanlar aras\u0131nda yer ald\u0131. Her y\u0131l Bursa\u2019da mezar\u0131 ba\u015f\u0131ndaki anma t\u00f6renine kat\u0131ld\u0131\u011f\u0131n\u0131 s\u00f6yleyen G\u00fcner, bu sene Bodrum\u2019da olmak istedi\u011fini belirtti. Aile olarak Mehmet\u00e7ik Vakf\u0131 ve T\u00fcrk E\u011fitim Vakf\u0131 ba\u011f\u0131\u015f\u00e7\u0131s\u0131 olmaktan dolay\u0131 \u00e7ok mutlu olduklar\u0131n\u0131 ifade eden G\u00fcner, &#8220;Biz aile olarak bunun her zaman k\u0131vanc\u0131n\u0131 ya\u015fad\u0131k, hayat boyunca da ya\u015fayaca\u011f\u0131z. Kurumlarda g\u00f6revler biter ama kurumlar bitmez. Ruhu \u015fad olsun&#8221; dedi.<br \/><\/p>\n","protected":false},"excerpt":{"rendered":"<p>T\u00fcrk Sanat M\u00fczi\u011fi\u2019nin unutulmaz ismi Zeki M\u00fcren, vefat\u0131n\u0131n 29. y\u0131l\u0131nda Bodrum\u2019da d\u00fczenlenen programla an\u0131ld\u0131. T\u00fcm mal varl\u0131\u011f\u0131n\u0131 T\u00fcrk Silahl\u0131 Kuvvetleri Mehmet\u00e7ik Vakf\u0131 ve T\u00fcrk E\u011fitim Vakf\u0131\u2019na ba\u011f\u0131\u015flayan ve Sanat G\u00fcne\u015fi lakab\u0131yla tan\u0131nan Zeki M\u00fcren, vefat\u0131n\u0131n 29\u2019uncu y\u0131l d\u00f6n\u00fcm\u00fcnde an\u0131l\u0131yor. Zeki M\u00fcren, vefat\u0131ndan bu yana oldu\u011fu gibi TSK Mehmet\u00e7ik Vakf\u0131 ve T\u00fcrk E\u011fitim Vakf\u0131 i\u015f birli\u011finde&#8230;<\/p>\n","protected":false},"author":1,"featured_media":57105,"comment_status":"open","ping_status":"open","sticky":false,"template":"","format":"standard","meta":{"_crdt_document":"","footnotes":""},"categories":[1],"tags":[],"class_list":["post-57104","post","type-post","status-publish","format-standard","has-post-thumbnail","hentry","category-guncel"],"_links":{"self":[{"href":"https:\/\/www.egemtv.com\/index.php?rest_route=\/wp\/v2\/posts\/57104","targetHints":{"allow":["GET"]}}],"collection":[{"href":"https:\/\/www.egemtv.com\/index.php?rest_route=\/wp\/v2\/posts"}],"about":[{"href":"https:\/\/www.egemtv.com\/index.php?rest_route=\/wp\/v2\/types\/post"}],"author":[{"embeddable":true,"href":"https:\/\/www.egemtv.com\/index.php?rest_route=\/wp\/v2\/users\/1"}],"replies":[{"embeddable":true,"href":"https:\/\/www.egemtv.com\/index.php?rest_route=%2Fwp%2Fv2%2Fcomments&post=57104"}],"version-history":[{"count":1,"href":"https:\/\/www.egemtv.com\/index.php?rest_route=\/wp\/v2\/posts\/57104\/revisions"}],"predecessor-version":[{"id":57106,"href":"https:\/\/www.egemtv.com\/index.php?rest_route=\/wp\/v2\/posts\/57104\/revisions\/57106"}],"wp:featuredmedia":[{"embeddable":true,"href":"https:\/\/www.egemtv.com\/index.php?rest_route=\/wp\/v2\/media\/57105"}],"wp:attachment":[{"href":"https:\/\/www.egemtv.com\/index.php?rest_route=%2Fwp%2Fv2%2Fmedia&parent=57104"}],"wp:term":[{"taxonomy":"category","embeddable":true,"href":"https:\/\/www.egemtv.com\/index.php?rest_route=%2Fwp%2Fv2%2Fcategories&post=57104"},{"taxonomy":"post_tag","embeddable":true,"href":"https:\/\/www.egemtv.com\/index.php?rest_route=%2Fwp%2Fv2%2Ftags&post=57104"}],"curies":[{"name":"wp","href":"https:\/\/api.w.org\/{rel}","templated":true}]}}