{"id":57101,"date":"2025-09-24T18:34:48","date_gmt":"2025-09-24T15:34:48","guid":{"rendered":"https:\/\/www.egemtv.com\/?p=57101"},"modified":"2025-09-24T18:34:49","modified_gmt":"2025-09-24T15:34:49","slug":"dolandiricilik-ve-tehditten-15-ilde-aranan-sahis-ispartada-yakalandi","status":"publish","type":"post","link":"https:\/\/www.egemtv.com\/?p=57101","title":{"rendered":"Doland\u0131r\u0131c\u0131l\u0131k ve tehditten 15 ilde aranan \u015fah\u0131s Isparta\u2019da yakaland\u0131"},"content":{"rendered":"<p>Doland\u0131r\u0131c\u0131l\u0131k ve tehdit su\u00e7lar\u0131ndan 15 ilde aranan ve hakk\u0131nda kesinle\u015fmi\u015f 15 y\u0131l 10 ay 15 g\u00fcn hapis cezas\u0131 bulunan \u015fah\u0131s, Isparta \u0130l Emniyet M\u00fcd\u00fcrl\u00fc\u011f\u00fc ekiplerince yakalanarak cezaevine g\u00f6nderildi.<br \/>\n<br \/>Isparta \u0130l Emniyet M\u00fcd\u00fcrl\u00fc\u011f\u00fc Asayi\u015f ve KOM \u015eube M\u00fcd\u00fcrl\u00fc\u011f\u00fc ekiplerinin koordineli \u00e7al\u0131\u015fmas\u0131 sonucu, hakk\u0131nda 20 ayr\u0131 dosyadan kesinle\u015fmi\u015f 15 y\u0131l 10 ay 15 g\u00fcn hapis cezas\u0131 bulunan \u015fah\u0131s yakaland\u0131. 15 ayr\u0131 il adli makamlar\u0131nca aranan \u015fahs\u0131n, doland\u0131r\u0131c\u0131l\u0131k, silahla tehdit, basit tehdit su\u00e7lar\u0131ndan dolay\u0131 26 Eyl\u00fcl 2024 tarihinden bu yana arand\u0131\u011f\u0131 \u00f6\u011frenildi. Bug\u00fcn ger\u00e7ekle\u015ftirilen operasyonda yakalanan \u015fah\u0131s, i\u015flemlerinin ard\u0131ndan cezaevine teslim edildi.<br \/><\/p>\n","protected":false},"excerpt":{"rendered":"<p>Doland\u0131r\u0131c\u0131l\u0131k ve tehdit su\u00e7lar\u0131ndan 15 ilde aranan ve hakk\u0131nda kesinle\u015fmi\u015f 15 y\u0131l 10 ay 15 g\u00fcn hapis cezas\u0131 bulunan \u015fah\u0131s, Isparta \u0130l Emniyet M\u00fcd\u00fcrl\u00fc\u011f\u00fc ekiplerince yakalanarak cezaevine g\u00f6nderildi. Isparta \u0130l Emniyet M\u00fcd\u00fcrl\u00fc\u011f\u00fc Asayi\u015f ve KOM \u015eube M\u00fcd\u00fcrl\u00fc\u011f\u00fc ekiplerinin koordineli \u00e7al\u0131\u015fmas\u0131 sonucu, hakk\u0131nda 20 ayr\u0131 dosyadan kesinle\u015fmi\u015f 15 y\u0131l 10 ay 15 g\u00fcn hapis cezas\u0131 bulunan&#8230;<\/p>\n","protected":false},"author":1,"featured_media":57102,"comment_status":"open","ping_status":"open","sticky":false,"template":"","format":"standard","meta":{"_crdt_document":"","footnotes":""},"categories":[5],"tags":[],"class_list":["post-57101","post","type-post","status-publish","format-standard","has-post-thumbnail","hentry","category-asayis"],"_links":{"self":[{"href":"https:\/\/www.egemtv.com\/index.php?rest_route=\/wp\/v2\/posts\/57101","targetHints":{"allow":["GET"]}}],"collection":[{"href":"https:\/\/www.egemtv.com\/index.php?rest_route=\/wp\/v2\/posts"}],"about":[{"href":"https:\/\/www.egemtv.com\/index.php?rest_route=\/wp\/v2\/types\/post"}],"author":[{"embeddable":true,"href":"https:\/\/www.egemtv.com\/index.php?rest_route=\/wp\/v2\/users\/1"}],"replies":[{"embeddable":true,"href":"https:\/\/www.egemtv.com\/index.php?rest_route=%2Fwp%2Fv2%2Fcomments&post=57101"}],"version-history":[{"count":1,"href":"https:\/\/www.egemtv.com\/index.php?rest_route=\/wp\/v2\/posts\/57101\/revisions"}],"predecessor-version":[{"id":57103,"href":"https:\/\/www.egemtv.com\/index.php?rest_route=\/wp\/v2\/posts\/57101\/revisions\/57103"}],"wp:featuredmedia":[{"embeddable":true,"href":"https:\/\/www.egemtv.com\/index.php?rest_route=\/wp\/v2\/media\/57102"}],"wp:attachment":[{"href":"https:\/\/www.egemtv.com\/index.php?rest_route=%2Fwp%2Fv2%2Fmedia&parent=57101"}],"wp:term":[{"taxonomy":"category","embeddable":true,"href":"https:\/\/www.egemtv.com\/index.php?rest_route=%2Fwp%2Fv2%2Fcategories&post=57101"},{"taxonomy":"post_tag","embeddable":true,"href":"https:\/\/www.egemtv.com\/index.php?rest_route=%2Fwp%2Fv2%2Ftags&post=57101"}],"curies":[{"name":"wp","href":"https:\/\/api.w.org\/{rel}","templated":true}]}}