{"id":57098,"date":"2025-09-24T18:14:40","date_gmt":"2025-09-24T15:14:40","guid":{"rendered":"https:\/\/www.egemtv.com\/?p=57098"},"modified":"2025-09-24T18:14:40","modified_gmt":"2025-09-24T15:14:40","slug":"vali-ozkan-esnaflari-agirladi","status":"publish","type":"post","link":"https:\/\/www.egemtv.com\/?p=57098","title":{"rendered":"Vali \u00d6zkan esnaflar\u0131 a\u011f\u0131rlad\u0131"},"content":{"rendered":"<p>Manisa\u2019da 38. Ahilik Haftas\u0131 etkinlikleri kapsam\u0131nda Manisa Esnaf ve Sanatk\u00e2rlar Odalar\u0131 Birli\u011fi (MESOB) Ba\u015fkan\u0131 Hasan Geriter ve birli\u011fe ba\u011fl\u0131 oda ba\u015fkanlar\u0131, Vali Vahdettin \u00d6zkan\u2019\u0131 makam\u0131nda ziyaret etti.<br \/>\n<br \/>Kentte t\u00f6renlerle ba\u015flayan Ahilik Haftas\u0131 dolay\u0131s\u0131yla Vali \u00d6zkan\u2019\u0131 ziyaret eden heyet, esnaf kurulu\u015flar\u0131n\u0131n \u00e7al\u0131\u015fmalar\u0131 hakk\u0131nda bilgi verdi.<br \/>\n<br \/>Ziyarette konu\u015fan Vali \u00d6zkan, Ahilik gelene\u011finin sadece esnaf ve sanatk\u00e2rlar i\u00e7in de\u011fil toplumun tamam\u0131 i\u00e7in yol g\u00f6sterici oldu\u011funu vurgulayarak, &#8220;Yard\u0131mla\u015fmay\u0131, g\u00fczel ahlak\u0131, erdemi savunan, al\u0131n teriyle \u00e7al\u0131\u015fman\u0131n ve helal kazanc\u0131n de\u011ferini \u00f6n plana \u00e7\u0131karan Anadolu medeniyetimizin bir de\u011feri olan Ahilik K\u00fclt\u00fcr\u00fc g\u00fcn\u00fcm\u00fczde de bizlere yol g\u00f6sterici olmal\u0131d\u0131r. Bizler bu geleneklerimizi muhafaza edece\u011fiz ki bizden sonraki nesiller de bu de\u011ferleri s\u00fcrd\u00fcrebilsin. Ekonomimizin bel kemi\u011fi olan esnaflar\u0131m\u0131z\u0131n dayan\u0131\u015fmay\u0131, \u00e7al\u0131\u015fkanl\u0131\u011f\u0131 ve d\u00fcr\u00fcstl\u00fc\u011f\u00fc \u00f6n planda tutmas\u0131 bizleri sevindirmektedir. Al\u0131n terinin de\u011ferini bilen, \u00fcreten, topluma hizmet eden t\u00fcm esnaflar\u0131m\u0131z\u0131n Ahilik Haftas\u0131\u2019n\u0131 kutluyor ve bereketli kazan\u00e7lar diliyorum&#8221; dedi.<br \/>\n<br \/>MESOB Ba\u015fkan\u0131 Hasan Geriter ve oda ba\u015fkanlar\u0131 ise kendilerini kabul eden Vali \u00d6zkan\u2019a te\u015fekk\u00fcr etti.<br \/><\/p>\n","protected":false},"excerpt":{"rendered":"<p>Manisa\u2019da 38. Ahilik Haftas\u0131 etkinlikleri kapsam\u0131nda Manisa Esnaf ve Sanatk\u00e2rlar Odalar\u0131 Birli\u011fi (MESOB) Ba\u015fkan\u0131 Hasan Geriter ve birli\u011fe ba\u011fl\u0131 oda ba\u015fkanlar\u0131, Vali Vahdettin \u00d6zkan\u2019\u0131 makam\u0131nda ziyaret etti. Kentte t\u00f6renlerle ba\u015flayan Ahilik Haftas\u0131 dolay\u0131s\u0131yla Vali \u00d6zkan\u2019\u0131 ziyaret eden heyet, esnaf kurulu\u015flar\u0131n\u0131n \u00e7al\u0131\u015fmalar\u0131 hakk\u0131nda bilgi verdi. Ziyarette konu\u015fan Vali \u00d6zkan, Ahilik gelene\u011finin sadece esnaf ve sanatk\u00e2rlar i\u00e7in&#8230;<\/p>\n","protected":false},"author":1,"featured_media":57099,"comment_status":"open","ping_status":"open","sticky":false,"template":"","format":"standard","meta":{"_crdt_document":"","footnotes":""},"categories":[123],"tags":[],"class_list":["post-57098","post","type-post","status-publish","format-standard","has-post-thumbnail","hentry","category-gundem"],"_links":{"self":[{"href":"https:\/\/www.egemtv.com\/index.php?rest_route=\/wp\/v2\/posts\/57098","targetHints":{"allow":["GET"]}}],"collection":[{"href":"https:\/\/www.egemtv.com\/index.php?rest_route=\/wp\/v2\/posts"}],"about":[{"href":"https:\/\/www.egemtv.com\/index.php?rest_route=\/wp\/v2\/types\/post"}],"author":[{"embeddable":true,"href":"https:\/\/www.egemtv.com\/index.php?rest_route=\/wp\/v2\/users\/1"}],"replies":[{"embeddable":true,"href":"https:\/\/www.egemtv.com\/index.php?rest_route=%2Fwp%2Fv2%2Fcomments&post=57098"}],"version-history":[{"count":1,"href":"https:\/\/www.egemtv.com\/index.php?rest_route=\/wp\/v2\/posts\/57098\/revisions"}],"predecessor-version":[{"id":57100,"href":"https:\/\/www.egemtv.com\/index.php?rest_route=\/wp\/v2\/posts\/57098\/revisions\/57100"}],"wp:featuredmedia":[{"embeddable":true,"href":"https:\/\/www.egemtv.com\/index.php?rest_route=\/wp\/v2\/media\/57099"}],"wp:attachment":[{"href":"https:\/\/www.egemtv.com\/index.php?rest_route=%2Fwp%2Fv2%2Fmedia&parent=57098"}],"wp:term":[{"taxonomy":"category","embeddable":true,"href":"https:\/\/www.egemtv.com\/index.php?rest_route=%2Fwp%2Fv2%2Fcategories&post=57098"},{"taxonomy":"post_tag","embeddable":true,"href":"https:\/\/www.egemtv.com\/index.php?rest_route=%2Fwp%2Fv2%2Ftags&post=57098"}],"curies":[{"name":"wp","href":"https:\/\/api.w.org\/{rel}","templated":true}]}}