{"id":57095,"date":"2025-09-24T17:35:02","date_gmt":"2025-09-24T14:35:02","guid":{"rendered":"https:\/\/www.egemtv.com\/?p=57095"},"modified":"2025-09-24T17:35:03","modified_gmt":"2025-09-24T14:35:03","slug":"salihlide-kibris-gazisi-aziz-karaya-son-veda","status":"publish","type":"post","link":"https:\/\/www.egemtv.com\/?p=57095","title":{"rendered":"Salihli\u2019de K\u0131br\u0131s Gazisi Aziz Kara\u2019ya son veda"},"content":{"rendered":"<p>Hayat\u0131n\u0131 kaybeden K\u0131br\u0131s Gazisi Aziz Kara(72), memleketi Manisa\u2019n\u0131n Salihli il\u00e7esinde d\u00fczenlenen askeri t\u00f6renle son yolculu\u011funa u\u011furland\u0131.<br \/>\n<br \/>Aslen Salihlili olan ve K\u0131br\u0131s\u2019ta ya\u015fayan 2 \u00e7ocuk babas\u0131 K\u0131br\u0131s Gazisi 72 ya\u015f\u0131ndaki Aziz Kara, hayat\u0131n\u0131 kaybetti. K\u0131br\u0131s Gazisi Kara i\u00e7in Salihli\u2019de Hamidiye Camisi\u2019nde t\u00f6ren d\u00fczenlendi. Kara\u2019n\u0131n T\u00fcrk bayra\u011f\u0131na sar\u0131l\u0131 tabutu, askerlerin omzunda cami avlusuna getirildi. Salihli \u0130l\u00e7e M\u00fcft\u00fcs\u00fc Ali \u00c7ebi taraf\u0131ndan k\u0131ld\u0131r\u0131lan cenaze namaz\u0131n\u0131n ard\u0131ndan K\u0131br\u0131s Gazisi Aziz Kara, Asri Mezarl\u0131kta topra\u011fa verildi.<br \/>\n<br \/>Cenaze t\u00f6renine Kaymakam Ali G\u00fcldo\u011fan, Belediye Ba\u015fkan\u0131 Mazlum Nurlu, \u0130l\u00e7e Emniyet M\u00fcd\u00fcr\u00fc Burhan Demirk\u0131ran, \u0130l\u00e7e Jandarma Komutan\u0131 Binba\u015f\u0131 Do\u011fukan Karaaslan, Belediye Ba\u015fkan Yard\u0131mc\u0131lar\u0131 Yavuz \u00d6zdem, Selim Akb\u0131y\u0131ko\u011flu ve \u0130smail Hakk\u0131 Aslan, Sosyal Hizmet Merkezi M\u00fcd\u00fcr\u00fc Alim Yavuz, Muharip Gaziler Derne\u011fi Salihli \u015eube Ba\u015fkan\u0131 Nevzat Ayd\u0131n, gaziler ile Kara\u2019n\u0131n yak\u0131nlar\u0131 kat\u0131ld\u0131.<br \/><\/p>\n","protected":false},"excerpt":{"rendered":"<p>Hayat\u0131n\u0131 kaybeden K\u0131br\u0131s Gazisi Aziz Kara(72), memleketi Manisa\u2019n\u0131n Salihli il\u00e7esinde d\u00fczenlenen askeri t\u00f6renle son yolculu\u011funa u\u011furland\u0131. Aslen Salihlili olan ve K\u0131br\u0131s\u2019ta ya\u015fayan 2 \u00e7ocuk babas\u0131 K\u0131br\u0131s Gazisi 72 ya\u015f\u0131ndaki Aziz Kara, hayat\u0131n\u0131 kaybetti. K\u0131br\u0131s Gazisi Kara i\u00e7in Salihli\u2019de Hamidiye Camisi\u2019nde t\u00f6ren d\u00fczenlendi. Kara\u2019n\u0131n T\u00fcrk bayra\u011f\u0131na sar\u0131l\u0131 tabutu, askerlerin omzunda cami avlusuna getirildi. Salihli \u0130l\u00e7e M\u00fcft\u00fcs\u00fc&#8230;<\/p>\n","protected":false},"author":1,"featured_media":57096,"comment_status":"open","ping_status":"open","sticky":false,"template":"","format":"standard","meta":{"_crdt_document":"","footnotes":""},"categories":[123],"tags":[],"class_list":["post-57095","post","type-post","status-publish","format-standard","has-post-thumbnail","hentry","category-gundem"],"_links":{"self":[{"href":"https:\/\/www.egemtv.com\/index.php?rest_route=\/wp\/v2\/posts\/57095","targetHints":{"allow":["GET"]}}],"collection":[{"href":"https:\/\/www.egemtv.com\/index.php?rest_route=\/wp\/v2\/posts"}],"about":[{"href":"https:\/\/www.egemtv.com\/index.php?rest_route=\/wp\/v2\/types\/post"}],"author":[{"embeddable":true,"href":"https:\/\/www.egemtv.com\/index.php?rest_route=\/wp\/v2\/users\/1"}],"replies":[{"embeddable":true,"href":"https:\/\/www.egemtv.com\/index.php?rest_route=%2Fwp%2Fv2%2Fcomments&post=57095"}],"version-history":[{"count":1,"href":"https:\/\/www.egemtv.com\/index.php?rest_route=\/wp\/v2\/posts\/57095\/revisions"}],"predecessor-version":[{"id":57097,"href":"https:\/\/www.egemtv.com\/index.php?rest_route=\/wp\/v2\/posts\/57095\/revisions\/57097"}],"wp:featuredmedia":[{"embeddable":true,"href":"https:\/\/www.egemtv.com\/index.php?rest_route=\/wp\/v2\/media\/57096"}],"wp:attachment":[{"href":"https:\/\/www.egemtv.com\/index.php?rest_route=%2Fwp%2Fv2%2Fmedia&parent=57095"}],"wp:term":[{"taxonomy":"category","embeddable":true,"href":"https:\/\/www.egemtv.com\/index.php?rest_route=%2Fwp%2Fv2%2Fcategories&post=57095"},{"taxonomy":"post_tag","embeddable":true,"href":"https:\/\/www.egemtv.com\/index.php?rest_route=%2Fwp%2Fv2%2Ftags&post=57095"}],"curies":[{"name":"wp","href":"https:\/\/api.w.org\/{rel}","templated":true}]}}