{"id":57078,"date":"2025-09-24T16:35:40","date_gmt":"2025-09-24T13:35:40","guid":{"rendered":"https:\/\/www.egemtv.com\/?p=57078"},"modified":"2025-09-24T16:35:41","modified_gmt":"2025-09-24T13:35:41","slug":"cop-daglari-karsiyakaya-uzandi","status":"publish","type":"post","link":"https:\/\/www.egemtv.com\/?p=57078","title":{"rendered":"\u00c7\u00f6p da\u011flar\u0131 Kar\u015f\u0131yaka\u2019ya uzand\u0131"},"content":{"rendered":"<p>\u0130zmir\u2019in Kar\u015f\u0131yaka il\u00e7esinde i\u015f\u00e7ilerin maa\u015flar\u0131n\u0131 alamad\u0131klar\u0131 gerek\u00e7esiyle ba\u015flatt\u0131\u011f\u0131 grev, \u00e7\u00f6p toplama hizmetlerinin aksamas\u0131na neden oldu. \u00c7ar\u015f\u0131 ve mahallelerde biriken \u00e7\u00f6plere tepki g\u00f6steren vatanda\u015flar, Belediye Ba\u015fkan\u0131 Behice Y\u0131ld\u0131z \u0130\u015f\u00e7imenler \u00dcnsal\u2019\u0131 istifaya davet etti.<br \/>\n<br \/>Kar\u015f\u0131yaka Belediyesi\u2019nde maa\u015f krizinden dolay\u0131 ba\u015flayan i\u015f b\u0131rakma eylemi il\u00e7edeki bir \u00e7ok hizmetin aksamas\u0131na neden oldu. \u0130l\u00e7enin en kalabal\u0131k noktalar\u0131ndan \u00c7ar\u015f\u0131\u2019da \u00e7\u00f6p da\u011flar\u0131 olu\u015furken, baz\u0131 sokaklarda farelerin cirit att\u0131\u011f\u0131 g\u00f6r\u00fcnt\u00fcler ortaya \u00e7\u0131kt\u0131. Olu\u015fan g\u00f6r\u00fcnt\u00fc kirlili\u011fi ve k\u00f6t\u00fc kokudan dolay\u0131 \u015fikayetlerini dile getiren vatanda\u015flar, gelen turistlerin duyduklar\u0131 rahats\u0131zl\u0131klar\u0131n alt\u0131n\u0131 \u00e7izdi. Turistlerin Kar\u015f\u0131yaka\u2019y\u0131 Hindistan\u2019a benzetti\u011fini s\u00f6yleyen vatanda\u015flar, Belediye Ba\u015fkan\u0131 Behice Y\u0131ld\u0131z \u0130\u015f\u00e7imenler \u00dcnsal\u2019\u0131 istifaya davet etti.<\/p>\n<p>&#8220;Hijyen s\u0131f\u0131r, Ba\u015fkan istifa&#8221;<br \/>\n<br \/>Kar\u015f\u0131yaka\u2019da ya\u015fayan Dilek Bak\u0131rkaynak, durumun kabul edilemez oldu\u011funu ifade ederek, &#8220;\u00d6ncelikle g\u00f6r\u00fcnt\u00fc kirlili\u011fi, bunun yan\u0131 s\u0131ra hijyen s\u0131f\u0131r maalesef ve g\u00fcnlerdir bu g\u00f6r\u00fcnt\u00fcy\u00fc g\u00f6rmek zorunda kal\u0131yoruz. Duydu\u011fumuz kadar\u0131yla i\u015f\u00e7iler paralar\u0131n\u0131 alamad\u0131klar\u0131 i\u00e7in grevdeler. Fakat bunun sorumlusu kim? Ben soruyorum. Paras\u0131n\u0131 alamayan \u00e7al\u0131\u015fanlar m\u0131, paras\u0131n\u0131 vermeyen belediye mi, yoksa bozuk bir sistem mi? Ba\u015fkan istifa o zaman. Ne haliniz varsa g\u00f6r\u00fcn denilecek kadar b\u00f6yle bir sorumsuzluk i\u00e7erisindeysek ba\u015fkan istifa. O koltukta oturmas\u0131n\u0131n hi\u00e7bir anlam\u0131 yok&#8221; dedi.<\/p>\n<p>&#8220;San\u0131r\u0131m fareleri evcille\u015ftirmeye \u00e7al\u0131\u015f\u0131yoruz&#8221;<br \/>\n<br \/>\u00c7\u00f6plerin giderek \u00e7o\u011fald\u0131\u011f\u0131n\u0131, evlerde sineklenmenin ba\u015flad\u0131\u011f\u0131n\u0131 belirten Bak\u0131rkaynak, &#8220;Bunlar art\u0131k bir da\u011f y\u0131\u011f\u0131n\u0131 haline gelmeye ba\u015flad\u0131. Yanlar\u0131ndan temizlik \u00e7al\u0131\u015fanlar\u0131 ge\u00e7iyor, bak\u0131p g\u00fclerek gidiyorlar. Ho\u015f bir g\u00f6r\u00fcnt\u00fc de\u011fil. Kar\u015f\u0131yaka \u00c7ar\u015f\u0131\u2019da fareler geziyor. San\u0131r\u0131m bunlar\u0131 da evcille\u015ftirmeye \u00e7al\u0131\u015f\u0131yoruz. Bunlar \u00e7o\u011fal\u0131rsa ciddi sorun olacak. \u00c7\u00f6z\u00fcm \u00fcretilmeyecekse istifa bekliyoruz&#8221; ifadelerini kulland\u0131.<\/p>\n<p>&#8220;Gelen turist bir daha gelmez&#8221;<br \/>\n<br \/>\u00c7ar\u015f\u0131 esnaf\u0131ndan An\u0131l Demirkol da hem kendilerinin hem vatanda\u015f\u0131n ma\u011fdur oldu\u011funu dile getirdi. Demirkol, &#8220;\u00c7ok \u00fcz\u00fcc\u00fc bir durum. Burada her firma vergilerini \u00f6d\u00fcyor. B\u00f6yle bir hizmet almas\u0131 ger\u00e7ekten \u00e7ok k\u00f6t\u00fc. Hem esnaf hem insanlar ma\u011fdur. Su kesintileri, ila\u00e7laman\u0131n yap\u0131lmamas\u0131, her yerden b\u00f6cek \u00e7\u0131kmas\u0131 kabul edilemez. En basit i\u015fte bile k\u00f6t\u00fc performans g\u00f6steren bir \u00e7al\u0131\u015fan i\u015ften \u00e7\u0131kar\u0131l\u0131yor ama burada sorumluluk al\u0131nm\u0131yor. \u015euraya bir turist gelse, bir daha gelmez. Durum rezalet&#8221; diye konu\u015ftu.<\/p>\n<p>&#8220;Buras\u0131 Hindistan m\u0131?&#8221;<br \/>\n<br \/>Ba\u015fka bir vatanda\u015f ise durumu \u015fu s\u00f6zlerle anlatt\u0131:<br \/>\n<br \/>&#8220;Kar\u015f\u0131yaka\u2019da, \u00c7ar\u015f\u0131\u2019da, Alaybey\u2019de, Nergiz\u2019de, \u00d6rnekk\u00f6y\u2019de olsun her taraf bu \u015fekilde \u00e7\u00f6p. Temizleyen yok. Her tarafta fare var. Cumhuriyet \u0130lkokulu\u2019nun yan\u0131nda bile \u00e7\u00f6p y\u0131\u011f\u0131n\u0131 var, \u00e7ocuklar o \u00e7\u00f6plerin yan\u0131ndan ge\u00e7iyor. Her taraf pislik. Belediye bir \u00e7\u00f6z\u00fcm bulmal\u0131. 5-6 ayd\u0131r maa\u015flar verilmedi\u011fi i\u00e7in i\u015f\u00e7iler grevde ama halk ma\u011fdur. Herkes su\u00e7u birbirine at\u0131yor. Bir turist gemiden inip bu manzaray\u0131 g\u00f6rse \u2018Buras\u0131 Hindistan m\u0131?\u2019 der. Kar\u015f\u0131yaka\u2019ya yak\u0131\u015fm\u0131yor.&#8221;<\/p>\n<p>&#8220;\u0130zmir \u00c7\u00f6p Festivali\u2019ne ho\u015f geldiniz&#8221;<br \/>\n<br \/>Ba\u015fka bir vatanda\u015f ise \u00e7ekti\u011fi videoyla Kar\u015f\u0131yaka\u2019daki \u00e7\u00f6p da\u011flar\u0131n\u0131 g\u00f6sterip \u015fu s\u00f6zlere yer verdi:<br \/>\n<br \/>&#8220;\u0130zmir Fuar\u0131\u2019ndan sonra 1. Uluslararas\u0131 \u00c7\u00f6p Festivali\u2019ne ho\u015f geldiniz. Karnaval ba\u015flad\u0131. Buras\u0131 Kar\u015f\u0131yaka \u00c7ar\u015f\u0131. G\u00f6rd\u00fc\u011f\u00fcn\u00fcz gibi. Festivalimiz \u00e7ok g\u00fczel ge\u00e7iyor. \u0130nsanlar\u0131m\u0131z g\u00fczel kokular i\u00e7erisinde i\u015f yerine gidiyorlar. Zaten hepsi pozitif enerji sa\u00e7\u0131yor. Herkese \u0130yi e\u011flenceler. \u0130yi kokular \u00e7er\u00e7evesinde ya\u015famlar diliyorum.&#8221;<br \/><\/p>\n","protected":false},"excerpt":{"rendered":"<p>\u0130zmir\u2019in Kar\u015f\u0131yaka il\u00e7esinde i\u015f\u00e7ilerin maa\u015flar\u0131n\u0131 alamad\u0131klar\u0131 gerek\u00e7esiyle ba\u015flatt\u0131\u011f\u0131 grev, \u00e7\u00f6p toplama hizmetlerinin aksamas\u0131na neden oldu. \u00c7ar\u015f\u0131 ve mahallelerde biriken \u00e7\u00f6plere tepki g\u00f6steren vatanda\u015flar, Belediye Ba\u015fkan\u0131 Behice Y\u0131ld\u0131z \u0130\u015f\u00e7imenler \u00dcnsal\u2019\u0131 istifaya davet etti. Kar\u015f\u0131yaka Belediyesi\u2019nde maa\u015f krizinden dolay\u0131 ba\u015flayan i\u015f b\u0131rakma eylemi il\u00e7edeki bir \u00e7ok hizmetin aksamas\u0131na neden oldu. \u0130l\u00e7enin en kalabal\u0131k noktalar\u0131ndan \u00c7ar\u015f\u0131\u2019da \u00e7\u00f6p da\u011flar\u0131&#8230;<\/p>\n","protected":false},"author":1,"featured_media":57079,"comment_status":"open","ping_status":"open","sticky":false,"template":"","format":"standard","meta":{"_crdt_document":"","footnotes":""},"categories":[1],"tags":[],"class_list":["post-57078","post","type-post","status-publish","format-standard","has-post-thumbnail","hentry","category-guncel"],"_links":{"self":[{"href":"https:\/\/www.egemtv.com\/index.php?rest_route=\/wp\/v2\/posts\/57078","targetHints":{"allow":["GET"]}}],"collection":[{"href":"https:\/\/www.egemtv.com\/index.php?rest_route=\/wp\/v2\/posts"}],"about":[{"href":"https:\/\/www.egemtv.com\/index.php?rest_route=\/wp\/v2\/types\/post"}],"author":[{"embeddable":true,"href":"https:\/\/www.egemtv.com\/index.php?rest_route=\/wp\/v2\/users\/1"}],"replies":[{"embeddable":true,"href":"https:\/\/www.egemtv.com\/index.php?rest_route=%2Fwp%2Fv2%2Fcomments&post=57078"}],"version-history":[{"count":1,"href":"https:\/\/www.egemtv.com\/index.php?rest_route=\/wp\/v2\/posts\/57078\/revisions"}],"predecessor-version":[{"id":57080,"href":"https:\/\/www.egemtv.com\/index.php?rest_route=\/wp\/v2\/posts\/57078\/revisions\/57080"}],"wp:featuredmedia":[{"embeddable":true,"href":"https:\/\/www.egemtv.com\/index.php?rest_route=\/wp\/v2\/media\/57079"}],"wp:attachment":[{"href":"https:\/\/www.egemtv.com\/index.php?rest_route=%2Fwp%2Fv2%2Fmedia&parent=57078"}],"wp:term":[{"taxonomy":"category","embeddable":true,"href":"https:\/\/www.egemtv.com\/index.php?rest_route=%2Fwp%2Fv2%2Fcategories&post=57078"},{"taxonomy":"post_tag","embeddable":true,"href":"https:\/\/www.egemtv.com\/index.php?rest_route=%2Fwp%2Fv2%2Ftags&post=57078"}],"curies":[{"name":"wp","href":"https:\/\/api.w.org\/{rel}","templated":true}]}}