{"id":57075,"date":"2025-09-24T16:14:59","date_gmt":"2025-09-24T13:14:59","guid":{"rendered":"https:\/\/www.egemtv.com\/?p=57075"},"modified":"2025-09-24T16:14:59","modified_gmt":"2025-09-24T13:14:59","slug":"baskan-tetikten-kadinlara-tam-destek","status":"publish","type":"post","link":"https:\/\/www.egemtv.com\/?p=57075","title":{"rendered":"Ba\u015fkan Tetik\u2019ten kad\u0131nlara tam destek"},"content":{"rendered":"<p>Nazilli Belediye Ba\u015fkan\u0131 Dr. Ertu\u011frul Tetik, Nazilli Belediyesi Gen\u00e7lik ve Spor Hizmetleri M\u00fcd\u00fcrl\u00fc\u011f\u00fc b\u00fcnyesinde faaliyetlerini s\u00fcrd\u00fcren Sabah Sporlar\u0131 Grubu\u2019nu ziyaret ederek say\u0131s\u0131 yeni d\u00f6nemde 100\u2019e ula\u015fan grubun t\u00fcm etkinliklerine tam destek verece\u011fini duyurdu.<br \/>\n<br \/>Her ya\u015ftan yakla\u015f\u0131k 100 kad\u0131n\u0131n kat\u0131l\u0131m sa\u011flad\u0131\u011f\u0131 sabah sporlar\u0131 etkinli\u011fine konuk olan Ba\u015fkan Tetik, uzun y\u0131llard\u0131r \u00fccretsiz olarak belediye b\u00fcnyesinde devam eden bu kursun toplum sa\u011fl\u0131\u011f\u0131 a\u00e7\u0131s\u0131ndan b\u00fcy\u00fck \u00f6nem ta\u015f\u0131d\u0131\u011f\u0131na dikkat \u00e7ekti.<br \/>\n<br \/>Spor E\u011fitmeni Utku Duru e\u015fli\u011finde her hafta Pazartesi, \u00c7ar\u015famba ve Cuma g\u00fcnleri \u00e7al\u0131\u015fmalar\u0131n\u0131 ger\u00e7ekle\u015ftiren kad\u0131nlar, Nazilli Belediyesi\u2019nin \u00fccretsiz kurslar\u0131 sayesinde fiziksel aktivitelerin yan\u0131 s\u0131ra sosyalle\u015fme imkan\u0131 da bulmu\u015f oluyor.<br \/>\n<br \/>Her y\u0131l daha g\u00fc\u00e7l\u00fc bir kat\u0131l\u0131mla kurslara devam eden t\u00fcm kad\u0131nlar\u0131 kutlayan Ba\u015fkan Tetik; &#8220;\u00d6ncelikle her birinize ayr\u0131 ayr\u0131 te\u015fekk\u00fcr ediyorum. Nazilli Belediyesi olarak bu t\u00fcr etkinlikleri \u00e7ok \u00f6nemsiyoruz. Kad\u0131nlar\u0131m\u0131z\u0131 merkez alan, onlar\u0131n sosyal ya\u015famda daha aktif rol almas\u0131 i\u00e7in hayata ge\u00e7irilen bu t\u00fcr projeler \u00f6n\u00fcm\u00fczdeki y\u0131llarda daha da artacak. Sizlerle hep birlikte \u015fehrimiz i\u00e7in \u00e7ok g\u00fczel \u00e7al\u0131\u015fmalara imza ataca\u011f\u0131z&#8221; dedi.<br \/><\/p>\n","protected":false},"excerpt":{"rendered":"<p>Nazilli Belediye Ba\u015fkan\u0131 Dr. Ertu\u011frul Tetik, Nazilli Belediyesi Gen\u00e7lik ve Spor Hizmetleri M\u00fcd\u00fcrl\u00fc\u011f\u00fc b\u00fcnyesinde faaliyetlerini s\u00fcrd\u00fcren Sabah Sporlar\u0131 Grubu\u2019nu ziyaret ederek say\u0131s\u0131 yeni d\u00f6nemde 100\u2019e ula\u015fan grubun t\u00fcm etkinliklerine tam destek verece\u011fini duyurdu. Her ya\u015ftan yakla\u015f\u0131k 100 kad\u0131n\u0131n kat\u0131l\u0131m sa\u011flad\u0131\u011f\u0131 sabah sporlar\u0131 etkinli\u011fine konuk olan Ba\u015fkan Tetik, uzun y\u0131llard\u0131r \u00fccretsiz olarak belediye b\u00fcnyesinde devam eden&#8230;<\/p>\n","protected":false},"author":1,"featured_media":57076,"comment_status":"open","ping_status":"open","sticky":false,"template":"","format":"standard","meta":{"_crdt_document":"","footnotes":""},"categories":[1],"tags":[],"class_list":["post-57075","post","type-post","status-publish","format-standard","has-post-thumbnail","hentry","category-guncel"],"_links":{"self":[{"href":"https:\/\/www.egemtv.com\/index.php?rest_route=\/wp\/v2\/posts\/57075","targetHints":{"allow":["GET"]}}],"collection":[{"href":"https:\/\/www.egemtv.com\/index.php?rest_route=\/wp\/v2\/posts"}],"about":[{"href":"https:\/\/www.egemtv.com\/index.php?rest_route=\/wp\/v2\/types\/post"}],"author":[{"embeddable":true,"href":"https:\/\/www.egemtv.com\/index.php?rest_route=\/wp\/v2\/users\/1"}],"replies":[{"embeddable":true,"href":"https:\/\/www.egemtv.com\/index.php?rest_route=%2Fwp%2Fv2%2Fcomments&post=57075"}],"version-history":[{"count":1,"href":"https:\/\/www.egemtv.com\/index.php?rest_route=\/wp\/v2\/posts\/57075\/revisions"}],"predecessor-version":[{"id":57077,"href":"https:\/\/www.egemtv.com\/index.php?rest_route=\/wp\/v2\/posts\/57075\/revisions\/57077"}],"wp:featuredmedia":[{"embeddable":true,"href":"https:\/\/www.egemtv.com\/index.php?rest_route=\/wp\/v2\/media\/57076"}],"wp:attachment":[{"href":"https:\/\/www.egemtv.com\/index.php?rest_route=%2Fwp%2Fv2%2Fmedia&parent=57075"}],"wp:term":[{"taxonomy":"category","embeddable":true,"href":"https:\/\/www.egemtv.com\/index.php?rest_route=%2Fwp%2Fv2%2Fcategories&post=57075"},{"taxonomy":"post_tag","embeddable":true,"href":"https:\/\/www.egemtv.com\/index.php?rest_route=%2Fwp%2Fv2%2Ftags&post=57075"}],"curies":[{"name":"wp","href":"https:\/\/api.w.org\/{rel}","templated":true}]}}