{"id":57072,"date":"2025-09-24T16:14:58","date_gmt":"2025-09-24T13:14:58","guid":{"rendered":"https:\/\/www.egemtv.com\/?p=57072"},"modified":"2025-09-24T16:14:59","modified_gmt":"2025-09-24T13:14:59","slug":"kutahya-valisi-isindan-saphanedeki-yangin-bolgesinde-inceleme","status":"publish","type":"post","link":"https:\/\/www.egemtv.com\/?p=57072","title":{"rendered":"K\u00fctahya Valisi I\u015f\u0131n\u2019dan, \u015eaphane\u2019deki yang\u0131n b\u00f6lgesinde inceleme"},"content":{"rendered":"<p>K\u00fctahya Valisi Musa I\u015f\u0131n, \u015eaphane il\u00e7esi Hac\u0131hasan Mahallesi\u2019nde meydana gelen 2 evin tamamen yanarak kullan\u0131lamaz hale geldi\u011fi ve bir evin hasar g\u00f6rd\u00fc\u011f\u00fc yang\u0131n\u0131n ard\u0131ndan b\u00f6lgeye giderek incelemelerde bulundu.<br \/>\n<br \/>Yang\u0131ndan etkilenen vatanda\u015flarla g\u00f6r\u00fc\u015fen Vali Musa I\u015f\u0131n, ge\u00e7mi\u015f olsun dileklerini iletti. Vatanda\u015flar\u0131n taleplerini ve ihtiya\u00e7lar\u0131n\u0131 dinleyen Vali I\u015f\u0131n, devletin t\u00fcm imkanlar\u0131yla vatanda\u015flar\u0131n yan\u0131nda oldu\u011funu ifade etti.<br \/>\n<br \/>Olay sonras\u0131 ilgili kurumlar\u0131n h\u0131zl\u0131 \u015fekilde m\u00fcdahalede bulundu\u011funu belirten I\u015f\u0131n, hasar tespit \u00e7al\u0131\u015fmalar\u0131n\u0131n ba\u015flat\u0131ld\u0131\u011f\u0131n\u0131 ve gerekli desteklerin en k\u0131sa s\u00fcrede sa\u011flanaca\u011f\u0131n\u0131 kaydetti.<br \/>\n<br \/>\u0130ncelemeler s\u0131ras\u0131nda Vali Musa I\u015f\u0131n\u2019a il\u00e7e protokol\u00fc e\u015flik etti.<br \/><\/p>\n","protected":false},"excerpt":{"rendered":"<p>K\u00fctahya Valisi Musa I\u015f\u0131n, \u015eaphane il\u00e7esi Hac\u0131hasan Mahallesi\u2019nde meydana gelen 2 evin tamamen yanarak kullan\u0131lamaz hale geldi\u011fi ve bir evin hasar g\u00f6rd\u00fc\u011f\u00fc yang\u0131n\u0131n ard\u0131ndan b\u00f6lgeye giderek incelemelerde bulundu. Yang\u0131ndan etkilenen vatanda\u015flarla g\u00f6r\u00fc\u015fen Vali Musa I\u015f\u0131n, ge\u00e7mi\u015f olsun dileklerini iletti. Vatanda\u015flar\u0131n taleplerini ve ihtiya\u00e7lar\u0131n\u0131 dinleyen Vali I\u015f\u0131n, devletin t\u00fcm imkanlar\u0131yla vatanda\u015flar\u0131n yan\u0131nda oldu\u011funu ifade etti. Olay&#8230;<\/p>\n","protected":false},"author":1,"featured_media":57073,"comment_status":"open","ping_status":"open","sticky":false,"template":"","format":"standard","meta":{"_crdt_document":"","footnotes":""},"categories":[123],"tags":[],"class_list":["post-57072","post","type-post","status-publish","format-standard","has-post-thumbnail","hentry","category-gundem"],"_links":{"self":[{"href":"https:\/\/www.egemtv.com\/index.php?rest_route=\/wp\/v2\/posts\/57072","targetHints":{"allow":["GET"]}}],"collection":[{"href":"https:\/\/www.egemtv.com\/index.php?rest_route=\/wp\/v2\/posts"}],"about":[{"href":"https:\/\/www.egemtv.com\/index.php?rest_route=\/wp\/v2\/types\/post"}],"author":[{"embeddable":true,"href":"https:\/\/www.egemtv.com\/index.php?rest_route=\/wp\/v2\/users\/1"}],"replies":[{"embeddable":true,"href":"https:\/\/www.egemtv.com\/index.php?rest_route=%2Fwp%2Fv2%2Fcomments&post=57072"}],"version-history":[{"count":1,"href":"https:\/\/www.egemtv.com\/index.php?rest_route=\/wp\/v2\/posts\/57072\/revisions"}],"predecessor-version":[{"id":57074,"href":"https:\/\/www.egemtv.com\/index.php?rest_route=\/wp\/v2\/posts\/57072\/revisions\/57074"}],"wp:featuredmedia":[{"embeddable":true,"href":"https:\/\/www.egemtv.com\/index.php?rest_route=\/wp\/v2\/media\/57073"}],"wp:attachment":[{"href":"https:\/\/www.egemtv.com\/index.php?rest_route=%2Fwp%2Fv2%2Fmedia&parent=57072"}],"wp:term":[{"taxonomy":"category","embeddable":true,"href":"https:\/\/www.egemtv.com\/index.php?rest_route=%2Fwp%2Fv2%2Fcategories&post=57072"},{"taxonomy":"post_tag","embeddable":true,"href":"https:\/\/www.egemtv.com\/index.php?rest_route=%2Fwp%2Fv2%2Ftags&post=57072"}],"curies":[{"name":"wp","href":"https:\/\/api.w.org\/{rel}","templated":true}]}}