{"id":57069,"date":"2025-09-24T16:14:57","date_gmt":"2025-09-24T13:14:57","guid":{"rendered":"https:\/\/www.egemtv.com\/?p=57069"},"modified":"2025-09-24T16:14:58","modified_gmt":"2025-09-24T13:14:58","slug":"civril-devlet-hastanesinde-50-hastane-personeli-zehirlendi","status":"publish","type":"post","link":"https:\/\/www.egemtv.com\/?p=57069","title":{"rendered":"\u00c7ivril Devlet Hastanesinde 50 hastane personeli zehirlendi"},"content":{"rendered":"<p>Denizli\u2019nin \u00c7ivril il\u00e7esinde bulunan \u00c7ivril Devlet Hastanesinde d\u00fcn \u00f6\u011fle yeme\u011finin ard\u0131ndan stajyer \u00f6\u011frenciler ve personellerde mide bulant\u0131s\u0131 ve kar\u0131n a\u011fr\u0131s\u0131 \u015fikayetleri ba\u015flad\u0131. Hastane y\u00f6netimi g\u0131da zehirlenmesi \u015f\u00fcphesiyle inceleme ba\u015flatt\u0131.<\/p>\n<p>Olay, d\u00fcn \u00f6\u011fle saatlerinde \u00c7ivril il\u00e7esinde bulunan \u00c7ivril Devlet Hastanesinde meydana geldi. Edinilen bilgilere g\u00f6re, hastanede bulunan stajyer \u00f6\u011frenciler ve baz\u0131 personeller \u00f6\u011fle yeme\u011fi i\u00e7in yemekhaneye ge\u00e7ti. \u00d6\u011fle men\u00fcs\u00fcnde tavuk ve mantardan yiyen stajyer \u00f6\u011frenciler ve personellerden olu\u015fan yakla\u015f\u0131k 50 ki\u015fide mide bulant\u0131s\u0131 ve kar\u0131n a\u011fr\u0131s\u0131 \u015fikayetleri ba\u015flad\u0131. Geneli stajyer \u00f6\u011frencilerden olu\u015fan \u015fikayetlerin ard\u0131ndan hastane y\u00f6netimi g\u0131da zehirlenmesi \u015f\u00fcphesiyle inceleme ba\u015flat\u0131ld\u0131. Hastane yemekhane mutfa\u011f\u0131nda haz\u0131rlanan \u00f6\u011f\u00fcnle ilgili soru\u015fturma ba\u015flat\u0131l\u0131rken, numuneler incelenmek \u00fczere al\u0131nd\u0131\u011f\u0131 \u00f6\u011frenildi.<br \/><\/p>\n","protected":false},"excerpt":{"rendered":"<p>Denizli\u2019nin \u00c7ivril il\u00e7esinde bulunan \u00c7ivril Devlet Hastanesinde d\u00fcn \u00f6\u011fle yeme\u011finin ard\u0131ndan stajyer \u00f6\u011frenciler ve personellerde mide bulant\u0131s\u0131 ve kar\u0131n a\u011fr\u0131s\u0131 \u015fikayetleri ba\u015flad\u0131. Hastane y\u00f6netimi g\u0131da zehirlenmesi \u015f\u00fcphesiyle inceleme ba\u015flatt\u0131. Olay, d\u00fcn \u00f6\u011fle saatlerinde \u00c7ivril il\u00e7esinde bulunan \u00c7ivril Devlet Hastanesinde meydana geldi. Edinilen bilgilere g\u00f6re, hastanede bulunan stajyer \u00f6\u011frenciler ve baz\u0131 personeller \u00f6\u011fle yeme\u011fi i\u00e7in yemekhaneye&#8230;<\/p>\n","protected":false},"author":1,"featured_media":57070,"comment_status":"open","ping_status":"open","sticky":false,"template":"","format":"standard","meta":{"_crdt_document":"","footnotes":""},"categories":[5],"tags":[],"class_list":["post-57069","post","type-post","status-publish","format-standard","has-post-thumbnail","hentry","category-asayis"],"_links":{"self":[{"href":"https:\/\/www.egemtv.com\/index.php?rest_route=\/wp\/v2\/posts\/57069","targetHints":{"allow":["GET"]}}],"collection":[{"href":"https:\/\/www.egemtv.com\/index.php?rest_route=\/wp\/v2\/posts"}],"about":[{"href":"https:\/\/www.egemtv.com\/index.php?rest_route=\/wp\/v2\/types\/post"}],"author":[{"embeddable":true,"href":"https:\/\/www.egemtv.com\/index.php?rest_route=\/wp\/v2\/users\/1"}],"replies":[{"embeddable":true,"href":"https:\/\/www.egemtv.com\/index.php?rest_route=%2Fwp%2Fv2%2Fcomments&post=57069"}],"version-history":[{"count":1,"href":"https:\/\/www.egemtv.com\/index.php?rest_route=\/wp\/v2\/posts\/57069\/revisions"}],"predecessor-version":[{"id":57071,"href":"https:\/\/www.egemtv.com\/index.php?rest_route=\/wp\/v2\/posts\/57069\/revisions\/57071"}],"wp:featuredmedia":[{"embeddable":true,"href":"https:\/\/www.egemtv.com\/index.php?rest_route=\/wp\/v2\/media\/57070"}],"wp:attachment":[{"href":"https:\/\/www.egemtv.com\/index.php?rest_route=%2Fwp%2Fv2%2Fmedia&parent=57069"}],"wp:term":[{"taxonomy":"category","embeddable":true,"href":"https:\/\/www.egemtv.com\/index.php?rest_route=%2Fwp%2Fv2%2Fcategories&post=57069"},{"taxonomy":"post_tag","embeddable":true,"href":"https:\/\/www.egemtv.com\/index.php?rest_route=%2Fwp%2Fv2%2Ftags&post=57069"}],"curies":[{"name":"wp","href":"https:\/\/api.w.org\/{rel}","templated":true}]}}