{"id":57066,"date":"2025-09-24T16:14:56","date_gmt":"2025-09-24T13:14:56","guid":{"rendered":"https:\/\/www.egemtv.com\/?p=57066"},"modified":"2025-09-24T16:14:57","modified_gmt":"2025-09-24T13:14:57","slug":"ak-parti-buharkent-ilce-baskani-bicakcidan-chpli-meclis-uyelerine-tepki","status":"publish","type":"post","link":"https:\/\/www.egemtv.com\/?p=57066","title":{"rendered":"AK Parti Buharkent \u0130l\u00e7e Ba\u015fkan\u0131 B\u0131\u00e7ak\u00e7\u0131\u2019dan CHP\u2019li meclis \u00fcyelerine tepki"},"content":{"rendered":"<p>AK Parti Buharkent \u0130l\u00e7e Ba\u015fkan\u0131 Al\u0131 Bal\u0131k\u00e7\u0131, yapt\u0131\u011f\u0131 bas\u0131n a\u00e7\u0131klamas\u0131 ile Ayd\u0131n B\u00fcy\u00fck\u015fehir Belediye Meclis toplant\u0131s\u0131n\u0131n ertelenen 2. oturumunda Buharkent\u2019te yap\u0131lacak olan jeotermal sera b\u00f6lgesinin komisyona sevk edilmesini reddeden CHP\u2019li meclis \u00fcyelerine tepki g\u00f6sterdi. Bal\u0131k\u00e7\u0131: &#8220;CHP istihdama \u2018hay\u0131r\u2019 dedi&#8221; ifadelerine yer vererek CHP\u2019li B\u00fcy\u00fck\u015fehir Belediye Meclis \u00fcyelerinin tutumundan dolay\u0131 \u00f6nemli bir projenin sekteye u\u011frat\u0131lmaya \u00e7al\u0131\u015f\u0131ld\u0131\u011f\u0131n\u0131 \u00f6ne s\u00fcrd\u00fc.<br \/>\n<br \/>AK Parti Buharkent \u0130l\u00e7e Ba\u015fkan\u0131 Ali Bal\u0131k\u00e7\u0131 yapt\u0131\u011f\u0131 a\u00e7\u0131klamada &#8220;Ge\u00e7ti\u011fimiz hafta ger\u00e7ekle\u015fen Ayd\u0131n B\u00fcy\u00fck\u015fehir Belediye Meclisi toplant\u0131s\u0131nda, CHP\u2019li meclis \u00fcyeleri, \u015fehrin ve il\u00e7elerin gelece\u011fi i\u00e7in hayati \u00f6nem ta\u015f\u0131yan projelerin komisyona dahi sevk edilmesine kar\u015f\u0131 \u00e7\u0131kt\u0131. Bu durum, \u00f6zellikle Buharkent i\u00e7in b\u00fcy\u00fck \u00f6nem ta\u015f\u0131yan Savc\u0131ll\u0131 Jeotermal Sera B\u00f6lgesi Projesi\u2019nin reddedilmesiyle tepki toplad\u0131. Bu proje yaln\u0131zca bir yat\u0131r\u0131m de\u011fil; tamamland\u0131\u011f\u0131nda 500 vatanda\u015f\u0131m\u0131za do\u011frudan i\u015f imk\u00e2n\u0131 sunacak, tar\u0131msal \u00fcretimde il\u00e7emizi b\u00f6lgesel bir merkez haline getirecek dev bir ad\u0131md\u0131r. Halk\u0131m\u0131z\u0131n refah\u0131n\u0131 art\u0131racak, istihdama de\u011fer katacak bir projeye s\u0131rf siyasi hesaplarla \u2018hay\u0131r\u2019 demek, Buharkent\u2019in gelece\u011fine engel olmakt\u0131r.&#8221; dedi.<br \/>\n<br \/>&#8220;Siyaset \u00fcst\u00fc bir proje&#8221;<br \/>\n<br \/>Bal\u0131k\u00e7\u0131, s\u00f6z konusu projenin siyasi de\u011fil, tamamen ekonomik ve sosyal fayda sa\u011flayacak bir yat\u0131r\u0131m oldu\u011funu vurgulayarak; &#8220;Say\u0131n Meclis \u00dcyelerine \u00e7a\u011fr\u0131m\u0131zd\u0131r; bu projeler siyaset \u00fcst\u00fcd\u00fcr. Ayd\u0131n\u2019\u0131n<br \/>\n<br \/>kalk\u0131nmas\u0131 ve milletimizin gelece\u011fi i\u00e7in hayati \u00f6neme sahiptir.&#8221; ifadelerine yer verdi.<br \/>\n<br \/>&#8220;Buharkent ba\u015far\u0131 hikayesi yaz\u0131yor&#8221;<br \/>\n<br \/>Buharkent Belediye Ba\u015fkan\u0131 Mehmet Erol\u2019un vizyoner \u00e7al\u0131\u015fmalar\u0131yla il\u00e7enin \u00fcretim ve istihdamda b\u00fcy\u00fck mesafe kat kaydeden AK Parti \u0130l\u00e7e Ba\u015fkan\u0131 Bal\u0131k\u00e7\u0131,  &#8220;Bug\u00fcn Buharkent\u2019te Organize Sanayi B\u00f6lgesi hayata ge\u00e7irilmi\u015f, fabrikalar \u00fcretime ba\u015flam\u0131\u015f ve y\u00fczlerce vatanda\u015f\u0131m\u0131za i\u015f imkan\u0131 sa\u011flanm\u0131\u015ft\u0131r. Ayn\u0131 \u015fekilde Buharkent Jeotermal Sera B\u00f6lgesi de tar\u0131m ve istihdamda yeni bir ba\u015far\u0131 hikayesi yazacakt\u0131r&#8221; dedi.<br \/>\n<br \/>&#8220;Engellemelere ra\u011fmen yolumuza devam edece\u011fiz&#8221;<br \/>\n<br \/>B\u00fcy\u00fck\u015fehir Belediye Ba\u015fkan\u0131 \u00d6zlem \u00c7er\u00e7io\u011flu ve Buharkent Belediye Ba\u015fkan\u0131 Mehmet Erol ile birlikte \u00e7al\u0131\u015fmaya devam edeceklerini belirten Ali Bal\u0131k\u00e7\u0131, &#8220;Her t\u00fcrl\u00fc engellemelere ra\u011fmen; istihdamdan tar\u0131ma, \u00fcretimden altyap\u0131ya kadar il\u00e7emize de\u011fer katacak projeleri hayata ge\u00e7irmeye devam edece\u011fiz. Kim ne kadar engel \u00e7\u0131karmaya \u00e7al\u0131\u015f\u0131rsa \u00e7al\u0131\u015fs\u0131n, bizler halk\u0131m\u0131z\u0131n menfaatine olan her yat\u0131r\u0131m\u0131n arkas\u0131nda duracak ve Buharkent\u2019imizi gelece\u011fe ta\u015f\u0131yaca\u011f\u0131z&#8221; dedi.<br \/><\/p>\n","protected":false},"excerpt":{"rendered":"<p>AK Parti Buharkent \u0130l\u00e7e Ba\u015fkan\u0131 Al\u0131 Bal\u0131k\u00e7\u0131, yapt\u0131\u011f\u0131 bas\u0131n a\u00e7\u0131klamas\u0131 ile Ayd\u0131n B\u00fcy\u00fck\u015fehir Belediye Meclis toplant\u0131s\u0131n\u0131n ertelenen 2. oturumunda Buharkent\u2019te yap\u0131lacak olan jeotermal sera b\u00f6lgesinin komisyona sevk edilmesini reddeden CHP\u2019li meclis \u00fcyelerine tepki g\u00f6sterdi. Bal\u0131k\u00e7\u0131: &#8220;CHP istihdama \u2018hay\u0131r\u2019 dedi&#8221; ifadelerine yer vererek CHP\u2019li B\u00fcy\u00fck\u015fehir Belediye Meclis \u00fcyelerinin tutumundan dolay\u0131 \u00f6nemli bir projenin sekteye u\u011frat\u0131lmaya \u00e7al\u0131\u015f\u0131ld\u0131\u011f\u0131n\u0131&#8230;<\/p>\n","protected":false},"author":1,"featured_media":57067,"comment_status":"open","ping_status":"open","sticky":false,"template":"","format":"standard","meta":{"_crdt_document":"","footnotes":""},"categories":[127],"tags":[],"class_list":["post-57066","post","type-post","status-publish","format-standard","has-post-thumbnail","hentry","category-siyaset"],"_links":{"self":[{"href":"https:\/\/www.egemtv.com\/index.php?rest_route=\/wp\/v2\/posts\/57066","targetHints":{"allow":["GET"]}}],"collection":[{"href":"https:\/\/www.egemtv.com\/index.php?rest_route=\/wp\/v2\/posts"}],"about":[{"href":"https:\/\/www.egemtv.com\/index.php?rest_route=\/wp\/v2\/types\/post"}],"author":[{"embeddable":true,"href":"https:\/\/www.egemtv.com\/index.php?rest_route=\/wp\/v2\/users\/1"}],"replies":[{"embeddable":true,"href":"https:\/\/www.egemtv.com\/index.php?rest_route=%2Fwp%2Fv2%2Fcomments&post=57066"}],"version-history":[{"count":1,"href":"https:\/\/www.egemtv.com\/index.php?rest_route=\/wp\/v2\/posts\/57066\/revisions"}],"predecessor-version":[{"id":57068,"href":"https:\/\/www.egemtv.com\/index.php?rest_route=\/wp\/v2\/posts\/57066\/revisions\/57068"}],"wp:featuredmedia":[{"embeddable":true,"href":"https:\/\/www.egemtv.com\/index.php?rest_route=\/wp\/v2\/media\/57067"}],"wp:attachment":[{"href":"https:\/\/www.egemtv.com\/index.php?rest_route=%2Fwp%2Fv2%2Fmedia&parent=57066"}],"wp:term":[{"taxonomy":"category","embeddable":true,"href":"https:\/\/www.egemtv.com\/index.php?rest_route=%2Fwp%2Fv2%2Fcategories&post=57066"},{"taxonomy":"post_tag","embeddable":true,"href":"https:\/\/www.egemtv.com\/index.php?rest_route=%2Fwp%2Fv2%2Ftags&post=57066"}],"curies":[{"name":"wp","href":"https:\/\/api.w.org\/{rel}","templated":true}]}}