{"id":57063,"date":"2025-09-24T15:55:45","date_gmt":"2025-09-24T12:55:45","guid":{"rendered":"https:\/\/www.egemtv.com\/?p=57063"},"modified":"2025-09-24T15:55:46","modified_gmt":"2025-09-24T12:55:46","slug":"gaziler-genclere-vatan-ve-bayrak-sevgisini-anlatti","status":"publish","type":"post","link":"https:\/\/www.egemtv.com\/?p=57063","title":{"rendered":"Gaziler, gen\u00e7lere vatan ve bayrak sevgisini anlatt\u0131"},"content":{"rendered":"<p>T\u00fcrkiye Harp Malul\u00fc Gaziler, \u015eehit Dul ve Yetimleri Derne\u011fi Manisa \u015eubesi ve \u00f6zel bir okul i\u015f birli\u011fiyle d\u00fczenlenen programda \u00f6\u011frenciler, gazilerle bir araya geldi.<br \/>\n<br \/>Programa T\u00fcrkiye Harp Malul\u00fc Gaziler, \u015eehit Dul ve Yetimleri Derne\u011fi Manisa \u015eube Ba\u015fkan\u0131 Gazi Yusuf K\u0131y\u0131\u015fkan, Y\u00f6netim Kurulu \u00dcyeleri Gazi Tahsin Sa\u011f\u0131r, Gazi Ferudun Ta\u015fdemir, Gazi Selami Pazar ile \u015eehit Babas\u0131 \u0130kram Budak kat\u0131ld\u0131.<br \/>\n<br \/>Etkinlikte, \u00f6\u011frencilerle vatan sevgisi, bayrak sevgisi, \u015fehitlik ve gazilik konular\u0131nda samimi ve anlaml\u0131 bir s\u00f6yle\u015fi ger\u00e7ekle\u015ftirildi. Gaziler, ya\u015fad\u0131klar\u0131 tecr\u00fcbelerden kesitler aktararak gen\u00e7 nesillere milli ve manevi de\u011ferlerin \u00f6nemini anlatt\u0131. \u00d6\u011frenciler ise b\u00fcy\u00fck bir ilgiyle dinledikleri s\u00f6yle\u015fide merak ettikleri sorular\u0131 y\u00f6neltme ve gazilerle birebir sohbet etme f\u0131rsat\u0131 buldu.<br \/>\n<br \/>Program sonunda \u00f6\u011frenciler, gazilere \u00e7i\u00e7ek takdim ederek te\u015fekk\u00fcr ve minnetlerini ifade etti. Dernek Ba\u015fkan\u0131 Gazi Yusuf K\u0131y\u0131\u015fkan, bu t\u00fcr bulu\u015fmalar\u0131n gen\u00e7lerin milli bilin\u00e7 ve de\u011ferler konusunda yeti\u015fmesine b\u00fcy\u00fck katk\u0131 sa\u011flad\u0131\u011f\u0131n\u0131 vurgulad\u0131.<br \/>\n<br \/>Etkinlikte aziz \u015fehitler rahmetle an\u0131l\u0131rken, kahraman gazilere minnet ve sayg\u0131 dile getirildi.<br \/><\/p>\n","protected":false},"excerpt":{"rendered":"<p>T\u00fcrkiye Harp Malul\u00fc Gaziler, \u015eehit Dul ve Yetimleri Derne\u011fi Manisa \u015eubesi ve \u00f6zel bir okul i\u015f birli\u011fiyle d\u00fczenlenen programda \u00f6\u011frenciler, gazilerle bir araya geldi. Programa T\u00fcrkiye Harp Malul\u00fc Gaziler, \u015eehit Dul ve Yetimleri Derne\u011fi Manisa \u015eube Ba\u015fkan\u0131 Gazi Yusuf K\u0131y\u0131\u015fkan, Y\u00f6netim Kurulu \u00dcyeleri Gazi Tahsin Sa\u011f\u0131r, Gazi Ferudun Ta\u015fdemir, Gazi Selami Pazar ile \u015eehit Babas\u0131&#8230;<\/p>\n","protected":false},"author":1,"featured_media":57064,"comment_status":"open","ping_status":"open","sticky":false,"template":"","format":"standard","meta":{"_crdt_document":"","footnotes":""},"categories":[123],"tags":[],"class_list":["post-57063","post","type-post","status-publish","format-standard","has-post-thumbnail","hentry","category-gundem"],"_links":{"self":[{"href":"https:\/\/www.egemtv.com\/index.php?rest_route=\/wp\/v2\/posts\/57063","targetHints":{"allow":["GET"]}}],"collection":[{"href":"https:\/\/www.egemtv.com\/index.php?rest_route=\/wp\/v2\/posts"}],"about":[{"href":"https:\/\/www.egemtv.com\/index.php?rest_route=\/wp\/v2\/types\/post"}],"author":[{"embeddable":true,"href":"https:\/\/www.egemtv.com\/index.php?rest_route=\/wp\/v2\/users\/1"}],"replies":[{"embeddable":true,"href":"https:\/\/www.egemtv.com\/index.php?rest_route=%2Fwp%2Fv2%2Fcomments&post=57063"}],"version-history":[{"count":1,"href":"https:\/\/www.egemtv.com\/index.php?rest_route=\/wp\/v2\/posts\/57063\/revisions"}],"predecessor-version":[{"id":57065,"href":"https:\/\/www.egemtv.com\/index.php?rest_route=\/wp\/v2\/posts\/57063\/revisions\/57065"}],"wp:featuredmedia":[{"embeddable":true,"href":"https:\/\/www.egemtv.com\/index.php?rest_route=\/wp\/v2\/media\/57064"}],"wp:attachment":[{"href":"https:\/\/www.egemtv.com\/index.php?rest_route=%2Fwp%2Fv2%2Fmedia&parent=57063"}],"wp:term":[{"taxonomy":"category","embeddable":true,"href":"https:\/\/www.egemtv.com\/index.php?rest_route=%2Fwp%2Fv2%2Fcategories&post=57063"},{"taxonomy":"post_tag","embeddable":true,"href":"https:\/\/www.egemtv.com\/index.php?rest_route=%2Fwp%2Fv2%2Ftags&post=57063"}],"curies":[{"name":"wp","href":"https:\/\/api.w.org\/{rel}","templated":true}]}}