{"id":57060,"date":"2025-09-24T15:55:45","date_gmt":"2025-09-24T12:55:45","guid":{"rendered":"https:\/\/www.egemtv.com\/?p=57060"},"modified":"2025-09-24T15:55:45","modified_gmt":"2025-09-24T12:55:45","slug":"mugla-buyuksehir-belediye-baskani-aras-evime-yonelik-bir-silahli-saldiri-ihbari-aldim","status":"publish","type":"post","link":"https:\/\/www.egemtv.com\/?p=57060","title":{"rendered":"Mu\u011fla B\u00fcy\u00fck\u015fehir Belediye Ba\u015fkan\u0131 Aras: &#8220;Evime y\u00f6nelik bir silahl\u0131 sald\u0131r\u0131 ihbar\u0131 ald\u0131m&#8221;"},"content":{"rendered":"<p>Mu\u011fla B\u00fcy\u00fck\u015fehir Belediye Ba\u015fkan\u0131 Ahmet Aras, evine y\u00f6nelik bir silahl\u0131 sald\u0131r\u0131 ihbar\u0131 ald\u0131\u011f\u0131n\u0131 belirterek, jandarman\u0131n evin \u00e7evresinde \u00f6nlemlerini s\u00fcrd\u00fcrd\u00fc\u011f\u00fcn\u00fc a\u00e7\u0131klad\u0131.<br \/>\n<br \/>Mu\u011fla B\u00fcy\u00fck\u015fehir Belediye Ba\u015fkan\u0131 Ahmet Aras, yapt\u0131\u011f\u0131 a\u00e7\u0131klamada evine y\u00f6nelik bir silahl\u0131 sald\u0131r\u0131 ihbar\u0131 ald\u0131\u011f\u0131n\u0131 ve jandarman\u0131n evinin \u00e7evresinde \u00f6nlemlerini s\u00fcrd\u00fcrd\u00fc\u011f\u00fcn\u00fc bildirdi. Ba\u015fkan Aras, e\u015fi Mente\u015fe Belediye Ba\u015fkan\u0131 Gonca K\u00f6ksal Aras\u2019\u0131n ailesinin evinin bulundu\u011fu binaya at\u0131lan molotofkokteyli olay\u0131na da de\u011findi. \u0130ki olay\u0131n birbiriyle ba\u011flant\u0131l\u0131 olup olmad\u0131\u011f\u0131na dair ara\u015ft\u0131rmalar\u0131n devam etti\u011fini s\u00f6yleyen Aras, molotofkokteyli sald\u0131r\u0131s\u0131n\u0131n uyu\u015fturucu ba\u011flant\u0131l\u0131 ki\u015filerce yap\u0131lm\u0131\u015f olabilece\u011fini ifade etti. T\u00fcm bu olaylara ra\u011fmen &#8220;Kimseyle ki\u015fisel bir sorunum yok&#8221; diyen Aras, sald\u0131r\u0131lar\u0131n son d\u00f6nemde y\u00fcr\u00fctt\u00fc\u011f\u00fc \u00e7evre m\u00fccadelesiyle ilgili olabilece\u011fini ima etti. Aras, Mu\u011fla\u2019n\u0131n \u00e7\u0131karlar\u0131n\u0131 korumak i\u00e7in \u00f6n saflarda olmaya devam edece\u011fini vurgulad\u0131.<br \/>\n<br \/>\u0130hbar\u0131n Siber Su\u00e7larla M\u00fccadele \u015eube M\u00fcd\u00fcrl\u00fc\u011f\u00fc ekiplerinin bir yaz\u0131\u015fma tespit etmesi \u00fczerine ortaya \u00e7\u0131kt\u0131\u011f\u0131 \u00f6\u011frenildi.<br \/><\/p>\n","protected":false},"excerpt":{"rendered":"<p>Mu\u011fla B\u00fcy\u00fck\u015fehir Belediye Ba\u015fkan\u0131 Ahmet Aras, evine y\u00f6nelik bir silahl\u0131 sald\u0131r\u0131 ihbar\u0131 ald\u0131\u011f\u0131n\u0131 belirterek, jandarman\u0131n evin \u00e7evresinde \u00f6nlemlerini s\u00fcrd\u00fcrd\u00fc\u011f\u00fcn\u00fc a\u00e7\u0131klad\u0131. Mu\u011fla B\u00fcy\u00fck\u015fehir Belediye Ba\u015fkan\u0131 Ahmet Aras, yapt\u0131\u011f\u0131 a\u00e7\u0131klamada evine y\u00f6nelik bir silahl\u0131 sald\u0131r\u0131 ihbar\u0131 ald\u0131\u011f\u0131n\u0131 ve jandarman\u0131n evinin \u00e7evresinde \u00f6nlemlerini s\u00fcrd\u00fcrd\u00fc\u011f\u00fcn\u00fc bildirdi. Ba\u015fkan Aras, e\u015fi Mente\u015fe Belediye Ba\u015fkan\u0131 Gonca K\u00f6ksal Aras\u2019\u0131n ailesinin evinin bulundu\u011fu binaya&#8230;<\/p>\n","protected":false},"author":1,"featured_media":57061,"comment_status":"open","ping_status":"open","sticky":false,"template":"","format":"standard","meta":{"_crdt_document":"","footnotes":""},"categories":[127],"tags":[],"class_list":["post-57060","post","type-post","status-publish","format-standard","has-post-thumbnail","hentry","category-siyaset"],"_links":{"self":[{"href":"https:\/\/www.egemtv.com\/index.php?rest_route=\/wp\/v2\/posts\/57060","targetHints":{"allow":["GET"]}}],"collection":[{"href":"https:\/\/www.egemtv.com\/index.php?rest_route=\/wp\/v2\/posts"}],"about":[{"href":"https:\/\/www.egemtv.com\/index.php?rest_route=\/wp\/v2\/types\/post"}],"author":[{"embeddable":true,"href":"https:\/\/www.egemtv.com\/index.php?rest_route=\/wp\/v2\/users\/1"}],"replies":[{"embeddable":true,"href":"https:\/\/www.egemtv.com\/index.php?rest_route=%2Fwp%2Fv2%2Fcomments&post=57060"}],"version-history":[{"count":1,"href":"https:\/\/www.egemtv.com\/index.php?rest_route=\/wp\/v2\/posts\/57060\/revisions"}],"predecessor-version":[{"id":57062,"href":"https:\/\/www.egemtv.com\/index.php?rest_route=\/wp\/v2\/posts\/57060\/revisions\/57062"}],"wp:featuredmedia":[{"embeddable":true,"href":"https:\/\/www.egemtv.com\/index.php?rest_route=\/wp\/v2\/media\/57061"}],"wp:attachment":[{"href":"https:\/\/www.egemtv.com\/index.php?rest_route=%2Fwp%2Fv2%2Fmedia&parent=57060"}],"wp:term":[{"taxonomy":"category","embeddable":true,"href":"https:\/\/www.egemtv.com\/index.php?rest_route=%2Fwp%2Fv2%2Fcategories&post=57060"},{"taxonomy":"post_tag","embeddable":true,"href":"https:\/\/www.egemtv.com\/index.php?rest_route=%2Fwp%2Fv2%2Ftags&post=57060"}],"curies":[{"name":"wp","href":"https:\/\/api.w.org\/{rel}","templated":true}]}}