{"id":56982,"date":"2025-09-24T12:34:57","date_gmt":"2025-09-24T09:34:57","guid":{"rendered":"https:\/\/www.egemtv.com\/?p=56982"},"modified":"2025-09-24T12:34:58","modified_gmt":"2025-09-24T09:34:58","slug":"kadinlara-ozel-ucretsiz-yoga-kurslari-basliyor","status":"publish","type":"post","link":"https:\/\/www.egemtv.com\/?p=56982","title":{"rendered":"Kad\u0131nlara \u00f6zel \u00fccretsiz yoga kurslar\u0131 ba\u015fl\u0131yor"},"content":{"rendered":"<p>Bodrum Belediyesi, sa\u011fl\u0131kl\u0131 ya\u015fam\u0131 ve ki\u015fisel geli\u015fimi destekleyen projelerine bir yenisini daha ekliyor. Binnaz Karakaya Kapal\u0131 Spor Salonu\u2019nda d\u00fczenlenecek olan kad\u0131nlara \u00f6zel \u00fccretsiz yoga kurslar\u0131n\u0131n ilk d\u00f6nemi 30 Eyl\u00fcl itibariyle ba\u015fl\u0131yor.<\/p>\n<p>Bodrum Belediyesi K\u00fclt\u00fcr ve Sosyal \u0130\u015fler M\u00fcd\u00fcrl\u00fc\u011f\u00fc taraf\u0131ndan &#8220;Kendinle Bulu\u015f, Nefes Al, G\u00fc\u00e7len&#8221; slogan\u0131yla hayata ge\u00e7irilen kurslar\u0131n birinci d\u00f6nemi 30 Eyl\u00fcl ile 27 Kas\u0131m tarihleri aras\u0131nda d\u00fczenlenecek. Sal\u0131 ve Per\u015fembe g\u00fcnleri yap\u0131lacak olan kurslar, alan\u0131nda uzman e\u011fitmenler e\u015fli\u011finde d\u00f6rt farkl\u0131 grup halinde ger\u00e7ekle\u015ftirilecek. Her biri 10 ki\u015filik gruplardan olu\u015fan, iki ayl\u0131k periyotlarla d\u00fczenlenen ve her d\u00f6nem yeni kat\u0131l\u0131mc\u0131lara a\u00e7\u0131k olan yoga kurslar\u0131, \u00fccretsiz olarak verilecek ve kontenjanla s\u0131n\u0131rl\u0131 olacak.<\/p>\n<p>Kurslara kat\u0131lmak isteyenler, Bodrum Belediyesi \u00c7a\u011fr\u0131 Merkezi\u2019nin 444 00 48 numaral\u0131 hatt\u0131n\u0131 arayarak ya da www.bodrum.bel.tr adresini ziyaret ederek detayl\u0131 bilgiye ula\u015fabilir. Online ba\u015fvuru yapmak isteyenler ise a\u015fa\u011f\u0131daki ba\u011flant\u0131 \u00fczerinden kay\u0131tlar\u0131n\u0131 ger\u00e7ekle\u015ftirebilecek.<br \/><\/p>\n","protected":false},"excerpt":{"rendered":"<p>Bodrum Belediyesi, sa\u011fl\u0131kl\u0131 ya\u015fam\u0131 ve ki\u015fisel geli\u015fimi destekleyen projelerine bir yenisini daha ekliyor. Binnaz Karakaya Kapal\u0131 Spor Salonu\u2019nda d\u00fczenlenecek olan kad\u0131nlara \u00f6zel \u00fccretsiz yoga kurslar\u0131n\u0131n ilk d\u00f6nemi 30 Eyl\u00fcl itibariyle ba\u015fl\u0131yor. Bodrum Belediyesi K\u00fclt\u00fcr ve Sosyal \u0130\u015fler M\u00fcd\u00fcrl\u00fc\u011f\u00fc taraf\u0131ndan &#8220;Kendinle Bulu\u015f, Nefes Al, G\u00fc\u00e7len&#8221; slogan\u0131yla hayata ge\u00e7irilen kurslar\u0131n birinci d\u00f6nemi 30 Eyl\u00fcl ile 27 Kas\u0131m&#8230;<\/p>\n","protected":false},"author":1,"featured_media":56983,"comment_status":"open","ping_status":"open","sticky":false,"template":"","format":"standard","meta":{"_crdt_document":"","footnotes":""},"categories":[1],"tags":[],"class_list":["post-56982","post","type-post","status-publish","format-standard","has-post-thumbnail","hentry","category-guncel"],"_links":{"self":[{"href":"https:\/\/www.egemtv.com\/index.php?rest_route=\/wp\/v2\/posts\/56982","targetHints":{"allow":["GET"]}}],"collection":[{"href":"https:\/\/www.egemtv.com\/index.php?rest_route=\/wp\/v2\/posts"}],"about":[{"href":"https:\/\/www.egemtv.com\/index.php?rest_route=\/wp\/v2\/types\/post"}],"author":[{"embeddable":true,"href":"https:\/\/www.egemtv.com\/index.php?rest_route=\/wp\/v2\/users\/1"}],"replies":[{"embeddable":true,"href":"https:\/\/www.egemtv.com\/index.php?rest_route=%2Fwp%2Fv2%2Fcomments&post=56982"}],"version-history":[{"count":1,"href":"https:\/\/www.egemtv.com\/index.php?rest_route=\/wp\/v2\/posts\/56982\/revisions"}],"predecessor-version":[{"id":56984,"href":"https:\/\/www.egemtv.com\/index.php?rest_route=\/wp\/v2\/posts\/56982\/revisions\/56984"}],"wp:featuredmedia":[{"embeddable":true,"href":"https:\/\/www.egemtv.com\/index.php?rest_route=\/wp\/v2\/media\/56983"}],"wp:attachment":[{"href":"https:\/\/www.egemtv.com\/index.php?rest_route=%2Fwp%2Fv2%2Fmedia&parent=56982"}],"wp:term":[{"taxonomy":"category","embeddable":true,"href":"https:\/\/www.egemtv.com\/index.php?rest_route=%2Fwp%2Fv2%2Fcategories&post=56982"},{"taxonomy":"post_tag","embeddable":true,"href":"https:\/\/www.egemtv.com\/index.php?rest_route=%2Fwp%2Fv2%2Ftags&post=56982"}],"curies":[{"name":"wp","href":"https:\/\/api.w.org\/{rel}","templated":true}]}}