{"id":56979,"date":"2025-09-24T12:34:56","date_gmt":"2025-09-24T09:34:56","guid":{"rendered":"https:\/\/www.egemtv.com\/?p=56979"},"modified":"2025-09-24T12:34:57","modified_gmt":"2025-09-24T09:34:57","slug":"yelkenli-teknede-31-duzensiz-gocmen-ve-2-gocmen-kacakcisi-yakalandi","status":"publish","type":"post","link":"https:\/\/www.egemtv.com\/?p=56979","title":{"rendered":"Yelkenli teknede 31 d\u00fczensiz g\u00f6\u00e7men ve 2 g\u00f6\u00e7men ka\u00e7ak\u00e7\u0131s\u0131 yakaland\u0131"},"content":{"rendered":"<p>Mu\u011fla\u2019n\u0131n Marmaris il\u00e7esi a\u00e7\u0131klar\u0131nda \u0130talya rotas\u0131 \u00fcz erinde seyreden Yelkenli teknede yap\u0131lan aramada 4\u2019\u00e7ocuk 31 d\u00fczensiz g\u00f6\u00e7 men ve 2 g\u00f6\u00e7men ka\u00e7ak\u00e7\u0131l\u0131\u011f\u0131 \u015f\u00fcphelisi yakaland\u0131.<br \/>\n<br \/>Marmaris il\u00e7esi a\u00e7\u0131klar\u0131nda yelkenli tekne i\u00e7erisinde bir grup d\u00fczensiz g\u00f6\u00e7men oldu\u011fu bilgisinin al\u0131nmas\u0131 \u00fczerine g\u00f6revlendirilen Sahil G\u00fcvenlik Gemisi ve Sahil G\u00fcvenlik Botu taraf\u0131ndan \u0130talya rotas\u0131 \u00fczerinde bulunan hareketli yelkenli tekne durdurulmu\u015f, i\u00e7erisindeki 27 d\u00fczensiz g\u00f6\u00e7men (beraberinde 4 \u00e7ocuk) ve 2 g\u00f6\u00e7men ka\u00e7ak\u00e7\u0131s\u0131 \u015f\u00fcphelisi yakalanm\u0131\u015ft\u0131r.<br \/><\/p>\n","protected":false},"excerpt":{"rendered":"<p>Mu\u011fla\u2019n\u0131n Marmaris il\u00e7esi a\u00e7\u0131klar\u0131nda \u0130talya rotas\u0131 \u00fcz erinde seyreden Yelkenli teknede yap\u0131lan aramada 4\u2019\u00e7ocuk 31 d\u00fczensiz g\u00f6\u00e7 men ve 2 g\u00f6\u00e7men ka\u00e7ak\u00e7\u0131l\u0131\u011f\u0131 \u015f\u00fcphelisi yakaland\u0131. Marmaris il\u00e7esi a\u00e7\u0131klar\u0131nda yelkenli tekne i\u00e7erisinde bir grup d\u00fczensiz g\u00f6\u00e7men oldu\u011fu bilgisinin al\u0131nmas\u0131 \u00fczerine g\u00f6revlendirilen Sahil G\u00fcvenlik Gemisi ve Sahil G\u00fcvenlik Botu taraf\u0131ndan \u0130talya rotas\u0131 \u00fczerinde bulunan hareketli yelkenli tekne durdurulmu\u015f,&#8230;<\/p>\n","protected":false},"author":1,"featured_media":56980,"comment_status":"open","ping_status":"open","sticky":false,"template":"","format":"standard","meta":{"_crdt_document":"","footnotes":""},"categories":[5],"tags":[],"class_list":["post-56979","post","type-post","status-publish","format-standard","has-post-thumbnail","hentry","category-asayis"],"_links":{"self":[{"href":"https:\/\/www.egemtv.com\/index.php?rest_route=\/wp\/v2\/posts\/56979","targetHints":{"allow":["GET"]}}],"collection":[{"href":"https:\/\/www.egemtv.com\/index.php?rest_route=\/wp\/v2\/posts"}],"about":[{"href":"https:\/\/www.egemtv.com\/index.php?rest_route=\/wp\/v2\/types\/post"}],"author":[{"embeddable":true,"href":"https:\/\/www.egemtv.com\/index.php?rest_route=\/wp\/v2\/users\/1"}],"replies":[{"embeddable":true,"href":"https:\/\/www.egemtv.com\/index.php?rest_route=%2Fwp%2Fv2%2Fcomments&post=56979"}],"version-history":[{"count":1,"href":"https:\/\/www.egemtv.com\/index.php?rest_route=\/wp\/v2\/posts\/56979\/revisions"}],"predecessor-version":[{"id":56981,"href":"https:\/\/www.egemtv.com\/index.php?rest_route=\/wp\/v2\/posts\/56979\/revisions\/56981"}],"wp:featuredmedia":[{"embeddable":true,"href":"https:\/\/www.egemtv.com\/index.php?rest_route=\/wp\/v2\/media\/56980"}],"wp:attachment":[{"href":"https:\/\/www.egemtv.com\/index.php?rest_route=%2Fwp%2Fv2%2Fmedia&parent=56979"}],"wp:term":[{"taxonomy":"category","embeddable":true,"href":"https:\/\/www.egemtv.com\/index.php?rest_route=%2Fwp%2Fv2%2Fcategories&post=56979"},{"taxonomy":"post_tag","embeddable":true,"href":"https:\/\/www.egemtv.com\/index.php?rest_route=%2Fwp%2Fv2%2Ftags&post=56979"}],"curies":[{"name":"wp","href":"https:\/\/api.w.org\/{rel}","templated":true}]}}