{"id":56973,"date":"2025-09-24T12:14:52","date_gmt":"2025-09-24T09:14:52","guid":{"rendered":"https:\/\/www.egemtv.com\/?p=56973"},"modified":"2025-09-24T12:14:52","modified_gmt":"2025-09-24T09:14:52","slug":"ege-tarim-ve-hayvancilik-sektoru-denizli-tarfu-2025te-bulusuyor","status":"publish","type":"post","link":"https:\/\/www.egemtv.com\/?p=56973","title":{"rendered":"Ege tar\u0131m ve hayvanc\u0131l\u0131k sekt\u00f6r\u00fc Denizli TARFU 2025\u2019te bulu\u015fuyor"},"content":{"rendered":"<p>Denizli\u2019de T\u00fcrkiye\u2019nin tar\u0131m ve hayvanc\u0131l\u0131k sekt\u00f6r\u00fcndeki en \u00f6nemli bulu\u015fmalar\u0131ndan biri olan TARFU Denizli Tar\u0131m ve Hayvanc\u0131l\u0131k Fuar\u0131, 1-5 Ekim 2025 tarihleri aras\u0131nda Denizli EGS Park Fuar Alan\u0131\u2019nda ziyaret\u00e7ilerini a\u011f\u0131rlayacak. Ege B\u00f6lgesinin en \u00f6nemli bulu\u015fmalar\u0131ndan birisine ev sahipli\u011fi yapacak olan Bizim Medya Fuarc\u0131l\u0131k, dev organizasyon \u00f6ncesi sekt\u00f6r temsilcileriyle bir araya geldi.<\/p>\n<p>Bizim Medya ve Fuarc\u0131l\u0131k taraf\u0131ndan d\u00fczenlenecek olan TARFU Denizli Tar\u0131m ve Hayvanc\u0131l\u0131k Fuar\u0131 1-5 Ekim 2025\u2019te kap\u0131lar\u0131n\u0131 a\u00e7\u0131yor.  T\u00fcrkiye\u2019nin tar\u0131m ve hayvanc\u0131l\u0131k sekt\u00f6r\u00fcndeki en \u00f6nemli bulu\u015fmalar\u0131ndan biri olan TARFU Denizli Tar\u0131m ve Hayvanc\u0131l\u0131k Fuar\u0131, 1-5 Ekim 2025 tarihleri aras\u0131nda Denizli EGS Park Fuar Alan\u0131\u2019nda 10.00 ile 21.00 saatleri aras\u0131nda ziyaret\u00e7ileri a\u011f\u0131rlayacak. Organizasyonu Bizim Medya Fuarc\u0131l\u0131k taraf\u0131ndan ger\u00e7ekle\u015ftirilecek fuar, sekt\u00f6r\u00fcn t\u00fcm payda\u015flar\u0131n\u0131 ayn\u0131 \u00e7at\u0131 alt\u0131nda toplayarak \u00fcretici, t\u00fcketici, yat\u0131r\u0131mc\u0131 ve profesyonelleri bulu\u015fturmay\u0131 ama\u00e7l\u0131yor. Fuar s\u00fcresince, en yeni tar\u0131m ve hayvanc\u0131l\u0131k teknolojileri, makineler, ekipmanlar ve verimlili\u011fi art\u0131rmaya y\u00f6nelik \u00e7\u00f6z\u00fcmler ziyaret\u00e7ileri tan\u0131t\u0131lacak. Denizli ve \u00e7evre illerdeki kurum, kurulu\u015f ve sekt\u00f6r temsilcilerinin katk\u0131lar\u0131yla ger\u00e7ekle\u015fecek fuar, b\u00f6lgenin potansiyelini g\u00f6r\u00fcn\u00fcr k\u0131larak i\u015f birliklerinin geli\u015fmesine zemin haz\u0131rlanaca\u011f\u0131n\u0131, yerel ve ulusal d\u00fczeydeki payda\u015flar\u0131n bulu\u015fmas\u0131, sekt\u00f6rde yeni i\u015f f\u0131rsatlar\u0131n\u0131n ve ortak projelerin \u00f6n\u00fcn\u00fc a\u00e7\u0131laca\u011f\u0131n\u0131 belirtildi.<\/p>\n<p>&#8220;Denizli, sanayi kenti oldu\u011fu kadar bir tar\u0131m kentidir&#8221;<br \/>\n<br \/>Denizli\u2019de d\u00fczenlenecek olan TARFU Denizli Tar\u0131m ve Hayvanc\u0131l\u0131k Fuar\u0131n\u0131n \u00e7ok \u00f6nemli oldu\u011funu dile getiren Denizli Ziraat Odas\u0131 Ba\u015fkan\u0131 Hamdi Gemici,  &#8220;Denizli, sanayi kenti oldu\u011fu kadar bir tar\u0131m kentidir. Yakla\u015f\u0131k 376 bin hektarl\u0131k alanda 138 tar\u0131msal \u00fcr\u00fcn yeti\u015ftiriliyor ve her il\u00e7emiz bir \u00fcr\u00fcn\u00fcyle \u00f6ne \u00e7\u0131kmaktad\u0131r. Fuarlar \u00e7ift\u00e7imizin ihtiya\u00e7 duydu\u011fu teknoloji ve bilgiye ula\u015fmas\u0131n\u0131 sa\u011flayan, ufkunu a\u00e7an organizasyonlard\u0131r. B\u00f6lge ekonomisini b\u00fcy\u00fct\u00fcr. Bu nedenle Denizli\u2019de bu fuar\u0131n d\u00fczenleniyor olmas\u0131 \u00e7ok \u00f6nemlidir. Gen\u00e7 ve dinamik ekibi kutluyorum. Dolu dolu bir fuar olmas\u0131n\u0131 hedefliyoruz&#8221; dedi.<\/p>\n<p>&#8220;Denizli\u2019yi tar\u0131mda mark \u015fehir haline getirmek istiyoruz&#8221;<br \/>\n<br \/>Tar\u0131m teknolojilerini \u00e7ift\u00e7ilerle bulu\u015fturarak Denizli\u2019yi tar\u0131mda marka \u015fehir haline getirme hedeflerinin oldu\u011funu dile getiren Bizim Medya ve Fuarc\u0131l\u0131k Genel M\u00fcd\u00fcr\u00fc Eylem Karas\u00fcmen, &#8220;1-5 Ekim tarihleri aras\u0131nda Denizli EGS Fuar\u0131nda d\u00fczenleyece\u011fimiz Tar\u0131m Fuar\u0131 sadece bir ticari etkinlik de\u011fil \u00fcreticilerimizi, \u00e7ift\u00e7ilerimizi, sanayicilerimizi bulu\u015fturan bir platform olacak. 20 y\u0131l\u0131 a\u015fk\u0131n s\u00fcredir bu sekt\u00f6rde faaliyet g\u00f6steren bir ekip olarak Motorlu Ta\u015f\u0131tlar Fuarlar\u0131nda edindi\u011fimiz tecr\u00fcbeyi \u015fimdi Tar\u0131m sekt\u00f6r\u00fcn\u00fc aktar\u0131yoruz. Amac\u0131m\u0131z \u00e7ift\u00e7imizin eme\u011fini g\u00f6r\u00fcn\u00fcr k\u0131lmak. En yeni tar\u0131m teknolojilerini b\u00f6lgemizi ta\u015f\u0131mak ve Denizli\u2019yi tar\u0131mda marka \u015fehir haline getirmek. Ziraat odalar\u0131m\u0131z\u0131n her biri, tar\u0131m\u0131n sahadaki en g\u00fc\u00e7l\u00fc sesi. Onlar\u0131n deste\u011fi olmadan bu fuar tabi ki olmazd\u0131. Destekleri i\u00e7in \u00e7ok te\u015fekk\u00fcr ediyoruz. B\u00f6lgemizin \u00e7ift\u00e7ilerinin kat\u0131l\u0131m\u0131n\u0131 ve ilgisini art\u0131rmak ve fuardan en fazla fayday\u0131 g\u00f6rmesi i\u00e7in birlikte \u00e7al\u0131\u015fmak \u00e7ok \u00f6nemli. 1-5 Ekim tarihleri aras\u0131nda EGS Fuarda d\u00fczlenecek olan Tar\u0131m Fuar\u0131n\u0131 t\u00fcm \u00e7ift\u00e7ilerimizi ve ziyaret\u00e7ilerimizi bekliyoruz&#8221; diye konu\u015ftu.<br \/><\/p>\n","protected":false},"excerpt":{"rendered":"<p>Denizli\u2019de T\u00fcrkiye\u2019nin tar\u0131m ve hayvanc\u0131l\u0131k sekt\u00f6r\u00fcndeki en \u00f6nemli bulu\u015fmalar\u0131ndan biri olan TARFU Denizli Tar\u0131m ve Hayvanc\u0131l\u0131k Fuar\u0131, 1-5 Ekim 2025 tarihleri aras\u0131nda Denizli EGS Park Fuar Alan\u0131\u2019nda ziyaret\u00e7ilerini a\u011f\u0131rlayacak. Ege B\u00f6lgesinin en \u00f6nemli bulu\u015fmalar\u0131ndan birisine ev sahipli\u011fi yapacak olan Bizim Medya Fuarc\u0131l\u0131k, dev organizasyon \u00f6ncesi sekt\u00f6r temsilcileriyle bir araya geldi. Bizim Medya ve Fuarc\u0131l\u0131k taraf\u0131ndan&#8230;<\/p>\n","protected":false},"author":1,"featured_media":56974,"comment_status":"open","ping_status":"open","sticky":false,"template":"","format":"standard","meta":{"_crdt_document":"","footnotes":""},"categories":[125],"tags":[],"class_list":["post-56973","post","type-post","status-publish","format-standard","has-post-thumbnail","hentry","category-ekonomi"],"_links":{"self":[{"href":"https:\/\/www.egemtv.com\/index.php?rest_route=\/wp\/v2\/posts\/56973","targetHints":{"allow":["GET"]}}],"collection":[{"href":"https:\/\/www.egemtv.com\/index.php?rest_route=\/wp\/v2\/posts"}],"about":[{"href":"https:\/\/www.egemtv.com\/index.php?rest_route=\/wp\/v2\/types\/post"}],"author":[{"embeddable":true,"href":"https:\/\/www.egemtv.com\/index.php?rest_route=\/wp\/v2\/users\/1"}],"replies":[{"embeddable":true,"href":"https:\/\/www.egemtv.com\/index.php?rest_route=%2Fwp%2Fv2%2Fcomments&post=56973"}],"version-history":[{"count":1,"href":"https:\/\/www.egemtv.com\/index.php?rest_route=\/wp\/v2\/posts\/56973\/revisions"}],"predecessor-version":[{"id":56975,"href":"https:\/\/www.egemtv.com\/index.php?rest_route=\/wp\/v2\/posts\/56973\/revisions\/56975"}],"wp:featuredmedia":[{"embeddable":true,"href":"https:\/\/www.egemtv.com\/index.php?rest_route=\/wp\/v2\/media\/56974"}],"wp:attachment":[{"href":"https:\/\/www.egemtv.com\/index.php?rest_route=%2Fwp%2Fv2%2Fmedia&parent=56973"}],"wp:term":[{"taxonomy":"category","embeddable":true,"href":"https:\/\/www.egemtv.com\/index.php?rest_route=%2Fwp%2Fv2%2Fcategories&post=56973"},{"taxonomy":"post_tag","embeddable":true,"href":"https:\/\/www.egemtv.com\/index.php?rest_route=%2Fwp%2Fv2%2Ftags&post=56973"}],"curies":[{"name":"wp","href":"https:\/\/api.w.org\/{rel}","templated":true}]}}