{"id":56970,"date":"2025-09-24T12:14:51","date_gmt":"2025-09-24T09:14:51","guid":{"rendered":"https:\/\/www.egemtv.com\/?p=56970"},"modified":"2025-09-24T12:14:51","modified_gmt":"2025-09-24T09:14:51","slug":"gediz-altinkentte-erasmus-projesi-avrupadan-ogretmen-ve-ogrenciler-kaymakam-uzun-ile-bir-araya-geldi","status":"publish","type":"post","link":"https:\/\/www.egemtv.com\/?p=56970","title":{"rendered":"Gediz Alt\u0131nkent\u2019te Erasmus+ projesi: Avrupa\u2019dan \u00f6\u011fretmen ve \u00f6\u011frenciler Kaymakam Uzun ile bir araya geldi"},"content":{"rendered":"<p>K\u00fctahya\u2019n\u0131n Gediz il\u00e7esine ba\u011fl\u0131 Alt\u0131nkent \u0130lk\/Ortaokulu, &#8220;Digital Math Workshop&#8221; adl\u0131 Erasmus+ projesi kapsam\u0131nda Fransa, \u0130talya ve Bel\u00e7ika\u2019dan gelen \u00f6\u011fretmen ve \u00f6\u011frencileri a\u011f\u0131rl\u0131yor.<br \/>\n<br \/>Proje kapsam\u0131nda Alt\u0131nkent\u2019e gelen yabanc\u0131 misafirler, Okul M\u00fcd\u00fcr\u00fc Okan Karaca rehberli\u011finde Gediz Kaymakam\u0131 Emrah Uzun ile bir araya geldi. Ziyarette, projenin detaylar\u0131 ve gelecekteki \u00e7al\u0131\u015fmalar hakk\u0131nda Kaymakam Uzun\u2019a bilgi sunuldu. Ziyaret s\u0131ras\u0131nda misafirler, T\u00fcrk misafirperverli\u011fini yak\u0131ndan deneyimleme f\u0131rsat\u0131 buldu.<br \/>\n<br \/>Gediz Kaymakam\u0131 Emrah Uzun, uluslararas\u0131 projenin Gediz\u2019de ger\u00e7ekle\u015fmesinden duydu\u011fu memnuniyeti dile getirdi. Uzun, &#8220;E\u011fitimde s\u0131n\u0131rlar\u0131n kalkt\u0131\u011f\u0131 bir \u00e7a\u011fda, b\u00f6ylesine de\u011ferli projelerin il\u00e7emizde hayat bulmas\u0131 bizim i\u00e7in b\u00fcy\u00fck \u00f6nem ta\u015f\u0131yor. Bu t\u00fcr uluslararas\u0131 i\u015f birlikleri, \u00f6\u011frencilerimizin sadece akademik bilgi birikimini de\u011fil, ayn\u0131 zamanda k\u00fclt\u00fcrel anlay\u0131\u015flar\u0131n\u0131 da geli\u015ftirerek onlar\u0131n d\u00fcnya vatanda\u015f\u0131 olarak yeti\u015fmelerine katk\u0131 sa\u011flar. Misafirlerimizin il\u00e7emizde en iyi \u015fekilde a\u011f\u0131rlanmas\u0131 ve verimli bir \u00e7al\u0131\u015fma s\u00fcreci ge\u00e7irmesi i\u00e7in her t\u00fcrl\u00fc deste\u011fi vermeye haz\u0131r\u0131z&#8221; dedi.<br \/>\n<br \/>Ziyaretin, proje kat\u0131l\u0131mc\u0131lar\u0131 i\u00e7in il\u00e7e y\u00f6netimini yak\u0131ndan tan\u0131ma ve projenin yerel boyutu hakk\u0131nda bilgi edinme a\u00e7\u0131s\u0131ndan faydal\u0131 oldu\u011fu belirtildi.<br \/><\/p>\n","protected":false},"excerpt":{"rendered":"<p>K\u00fctahya\u2019n\u0131n Gediz il\u00e7esine ba\u011fl\u0131 Alt\u0131nkent \u0130lk\/Ortaokulu, &#8220;Digital Math Workshop&#8221; adl\u0131 Erasmus+ projesi kapsam\u0131nda Fransa, \u0130talya ve Bel\u00e7ika\u2019dan gelen \u00f6\u011fretmen ve \u00f6\u011frencileri a\u011f\u0131rl\u0131yor. Proje kapsam\u0131nda Alt\u0131nkent\u2019e gelen yabanc\u0131 misafirler, Okul M\u00fcd\u00fcr\u00fc Okan Karaca rehberli\u011finde Gediz Kaymakam\u0131 Emrah Uzun ile bir araya geldi. Ziyarette, projenin detaylar\u0131 ve gelecekteki \u00e7al\u0131\u015fmalar hakk\u0131nda Kaymakam Uzun\u2019a bilgi sunuldu. Ziyaret s\u0131ras\u0131nda misafirler,&#8230;<\/p>\n","protected":false},"author":1,"featured_media":56971,"comment_status":"open","ping_status":"open","sticky":false,"template":"","format":"standard","meta":{"_crdt_document":"","footnotes":""},"categories":[1],"tags":[],"class_list":["post-56970","post","type-post","status-publish","format-standard","has-post-thumbnail","hentry","category-guncel"],"_links":{"self":[{"href":"https:\/\/www.egemtv.com\/index.php?rest_route=\/wp\/v2\/posts\/56970","targetHints":{"allow":["GET"]}}],"collection":[{"href":"https:\/\/www.egemtv.com\/index.php?rest_route=\/wp\/v2\/posts"}],"about":[{"href":"https:\/\/www.egemtv.com\/index.php?rest_route=\/wp\/v2\/types\/post"}],"author":[{"embeddable":true,"href":"https:\/\/www.egemtv.com\/index.php?rest_route=\/wp\/v2\/users\/1"}],"replies":[{"embeddable":true,"href":"https:\/\/www.egemtv.com\/index.php?rest_route=%2Fwp%2Fv2%2Fcomments&post=56970"}],"version-history":[{"count":1,"href":"https:\/\/www.egemtv.com\/index.php?rest_route=\/wp\/v2\/posts\/56970\/revisions"}],"predecessor-version":[{"id":56972,"href":"https:\/\/www.egemtv.com\/index.php?rest_route=\/wp\/v2\/posts\/56970\/revisions\/56972"}],"wp:featuredmedia":[{"embeddable":true,"href":"https:\/\/www.egemtv.com\/index.php?rest_route=\/wp\/v2\/media\/56971"}],"wp:attachment":[{"href":"https:\/\/www.egemtv.com\/index.php?rest_route=%2Fwp%2Fv2%2Fmedia&parent=56970"}],"wp:term":[{"taxonomy":"category","embeddable":true,"href":"https:\/\/www.egemtv.com\/index.php?rest_route=%2Fwp%2Fv2%2Fcategories&post=56970"},{"taxonomy":"post_tag","embeddable":true,"href":"https:\/\/www.egemtv.com\/index.php?rest_route=%2Fwp%2Fv2%2Ftags&post=56970"}],"curies":[{"name":"wp","href":"https:\/\/api.w.org\/{rel}","templated":true}]}}