{"id":56967,"date":"2025-09-24T12:14:50","date_gmt":"2025-09-24T09:14:50","guid":{"rendered":"https:\/\/www.egemtv.com\/?p=56967"},"modified":"2025-09-24T12:14:50","modified_gmt":"2025-09-24T09:14:50","slug":"simavda-okullarda-kantin-ve-yemekhane-denetimleri","status":"publish","type":"post","link":"https:\/\/www.egemtv.com\/?p=56967","title":{"rendered":"Simav\u2019da okullarda kantin ve yemekhane denetimleri"},"content":{"rendered":"<p>Simav \u0130l\u00e7e Tar\u0131m ve Orman M\u00fcd\u00fcrl\u00fc\u011f\u00fc personelleri taraf\u0131ndan il\u00e7ede bulunan okullarda kantin ve yemekhane denetimlerinin s\u00fcrd\u00fcr\u00fcld\u00fc\u011f\u00fc bildirildi.<br \/>\n<br \/>Okullardaki kantin ve yemekhane denetimlerinde hijyen \u015fartlar\u0131n\u0131n \u00f6n planda tutuldu\u011funu belirten yetkililer, \u00f6\u011frencilerin g\u00fcvenilir ve sa\u011fl\u0131kl\u0131 beslenmelerinin ileriki ya\u015famlar\u0131nda b\u00fcy\u00fck \u00f6nem ta\u015f\u0131d\u0131\u011f\u0131 bilinciyle denetimlerin aral\u0131ks\u0131z devam edece\u011fini ifade ettiler.<br \/><\/p>\n","protected":false},"excerpt":{"rendered":"<p>Simav \u0130l\u00e7e Tar\u0131m ve Orman M\u00fcd\u00fcrl\u00fc\u011f\u00fc personelleri taraf\u0131ndan il\u00e7ede bulunan okullarda kantin ve yemekhane denetimlerinin s\u00fcrd\u00fcr\u00fcld\u00fc\u011f\u00fc bildirildi. Okullardaki kantin ve yemekhane denetimlerinde hijyen \u015fartlar\u0131n\u0131n \u00f6n planda tutuldu\u011funu belirten yetkililer, \u00f6\u011frencilerin g\u00fcvenilir ve sa\u011fl\u0131kl\u0131 beslenmelerinin ileriki ya\u015famlar\u0131nda b\u00fcy\u00fck \u00f6nem ta\u015f\u0131d\u0131\u011f\u0131 bilinciyle denetimlerin aral\u0131ks\u0131z devam edece\u011fini ifade ettiler.<\/p>\n","protected":false},"author":1,"featured_media":56968,"comment_status":"open","ping_status":"open","sticky":false,"template":"","format":"standard","meta":{"_crdt_document":"","footnotes":""},"categories":[2],"tags":[],"class_list":["post-56967","post","type-post","status-publish","format-standard","has-post-thumbnail","hentry","category-saglik"],"_links":{"self":[{"href":"https:\/\/www.egemtv.com\/index.php?rest_route=\/wp\/v2\/posts\/56967","targetHints":{"allow":["GET"]}}],"collection":[{"href":"https:\/\/www.egemtv.com\/index.php?rest_route=\/wp\/v2\/posts"}],"about":[{"href":"https:\/\/www.egemtv.com\/index.php?rest_route=\/wp\/v2\/types\/post"}],"author":[{"embeddable":true,"href":"https:\/\/www.egemtv.com\/index.php?rest_route=\/wp\/v2\/users\/1"}],"replies":[{"embeddable":true,"href":"https:\/\/www.egemtv.com\/index.php?rest_route=%2Fwp%2Fv2%2Fcomments&post=56967"}],"version-history":[{"count":1,"href":"https:\/\/www.egemtv.com\/index.php?rest_route=\/wp\/v2\/posts\/56967\/revisions"}],"predecessor-version":[{"id":56969,"href":"https:\/\/www.egemtv.com\/index.php?rest_route=\/wp\/v2\/posts\/56967\/revisions\/56969"}],"wp:featuredmedia":[{"embeddable":true,"href":"https:\/\/www.egemtv.com\/index.php?rest_route=\/wp\/v2\/media\/56968"}],"wp:attachment":[{"href":"https:\/\/www.egemtv.com\/index.php?rest_route=%2Fwp%2Fv2%2Fmedia&parent=56967"}],"wp:term":[{"taxonomy":"category","embeddable":true,"href":"https:\/\/www.egemtv.com\/index.php?rest_route=%2Fwp%2Fv2%2Fcategories&post=56967"},{"taxonomy":"post_tag","embeddable":true,"href":"https:\/\/www.egemtv.com\/index.php?rest_route=%2Fwp%2Fv2%2Ftags&post=56967"}],"curies":[{"name":"wp","href":"https:\/\/api.w.org\/{rel}","templated":true}]}}