{"id":56964,"date":"2025-09-24T12:14:48","date_gmt":"2025-09-24T09:14:48","guid":{"rendered":"https:\/\/www.egemtv.com\/?p=56964"},"modified":"2025-09-24T12:14:49","modified_gmt":"2025-09-24T09:14:49","slug":"tavsanli-t-tipi-cezaevinin-yoluna-bakim","status":"publish","type":"post","link":"https:\/\/www.egemtv.com\/?p=56964","title":{"rendered":"Tav\u015fanl\u0131 T Tipi Cezaevi\u2019nin yoluna bak\u0131m"},"content":{"rendered":"<p>K\u00fctahya\u2019n\u0131n Tav\u015fanl\u0131 il\u00e7esinde Cezaevi ve \u00c7ukurk\u00f6y Sanayi aras\u0131ndaki 3,2 kilometrelik yola Karayollar\u0131 ve Tav\u015fanl\u0131 Belediyesi taraf\u0131ndan asfalt d\u00f6k\u00fcl\u00fcyor.<br \/>\n<br \/>Tav\u015fanl\u0131 T Tipi Ceza \u0130nfaz Kurumu\u2019nu il\u00e7e merkezine ba\u011flayan yollardan birisi olan sanayi istikameti Karayollar\u0131 14. B\u00f6lge M\u00fcd\u00fcrl\u00fc\u011f\u00fc ile Tav\u015fanl\u0131 Belediyesi\u2019nin ortak \u00e7al\u0131\u015fmas\u0131yla asfaltlan\u0131yor. Toplam 430 ki\u015fi kapasiteli cezaevinde kalan mahkumlar\u0131 ziyarete gelen vatanda\u015flar bu \u00e7al\u0131\u015fmayla beraber ula\u015f\u0131mda rahatlama ya\u015fayacak.<br \/>\n<br \/>\u0130ki kurumun i\u015f makineleri b\u00f6lgede \u00e7al\u0131\u015fmalar\u0131na ba\u015flarken K\u00fctahya Milletvekili Mehmet Demir ve Belediye Ba\u015fkan\u0131 Ali Kemal Derin\u2019in kat\u0131l\u0131m\u0131yla t\u00f6ren d\u00fczenlendi. Her iki y\u00f6netici bas\u0131n a\u00e7\u0131klamas\u0131 yaparak b\u00f6lgede \u00e7al\u0131\u015fan ekiplere ba\u015far\u0131lar diledi.<br \/>\n<br \/>AK Parti K\u00fctahya Milletvekili Mehmet Demir, yap\u0131lan hizmetin uzun y\u0131llar devam eden bir soruna ne\u015fter oldu\u011funu kaydederek ilgililere te\u015fekk\u00fcr etti. Milletvekili Demir, &#8220;\u00d6ncelikle bu \u00e7al\u0131\u015fmam\u0131z hay\u0131rl\u0131 olsun. Birlikten kuvvet do\u011far diyerek Karayollar\u0131 14. B\u00f6lge M\u00fcd\u00fcrl\u00fc\u011f\u00fcm\u00fcz ve Tav\u015fanl\u0131 Belediyemiz bir program haz\u0131rlad\u0131. Uzun y\u0131llard\u0131r devam eden bir s\u0131k\u0131nt\u0131 bu \u00e7al\u0131\u015fmayla a\u015f\u0131lm\u0131\u015f olacak. Bu yolda yaz\u0131n toz, k\u0131\u015f\u0131n \u00e7amur vard\u0131. Cezaevi\u2019ni Tav\u015fanl\u0131\u2019ya ba\u011flayan 3.2 km yol asfalt kaplama yap\u0131l\u0131yor. Karayollar\u0131 14. B\u00f6lge M\u00fcd\u00fcrl\u00fc\u011f\u00fc, K\u00fctahya ve Emet \u015fefliklerimiz ile Belediyemize te\u015fekk\u00fcr ediyorum. Yola 125 ton m\u0131c\u0131r seriminden sonra sat\u0131h kaplama yap\u0131lacak. Bu yol Tav\u015fanl\u0131\u2019m\u0131za hay\u0131rl\u0131 olsun&#8221; dedi.<br \/>\n<br \/>Tav\u015fanl\u0131 Belediye Ba\u015fkan\u0131 Ali Kemal Derin ise K\u00fctahya Milletvekili Mehmet Demir\u2019e te\u015fekk\u00fcr ederek \u015funlar\u0131 s\u00f6yledi:<br \/>\n<br \/>&#8220;Vatanda\u015flar\u0131m\u0131z\u0131n talebi olan cezaevi yolumuzu yap\u0131yoruz. Bu noktada Karayollar\u0131 B\u00f6lge M\u00fcd\u00fcrl\u00fc\u011f\u00fcm\u00fcze, \u00e7al\u0131\u015fanlar\u0131m\u0131za ve her zaman bize destek olan K\u00fctahya Milletvekilimiz Mehmet Demir\u2019e te\u015fekk\u00fcr ediyorum. Buras\u0131 ayn\u0131 zamanda T\u00fcrkiye\u2019nin her yerinden gelen ziyaret\u00e7ileri a\u011f\u0131rl\u0131yor. Bu sorunu \u00e7\u00f6zd\u00fc\u011f\u00fcm\u00fcz i\u00e7in mutluyuz. \u0130l\u00e7emize hay\u0131rl\u0131 olsun.&#8221;<br \/>\n<br \/>280 ki\u015filik T Tipi Kapal\u0131, 150 ki\u015filik A\u00e7\u0131k Ceza \u0130nfaz Kurumunu b\u00fcnyesinde bar\u0131nd\u0131ran Tav\u015fanl\u0131 Cezaevi i\u00e7in yap\u0131lan program hat\u0131ra foto\u011fraf\u0131 \u00e7ekimiyle son buldu. K\u00fctahya Milletvekili Mehmet Demir ile Belediye Ba\u015fkan\u0131 Ali Kemal Derin\u2019e AK Parti \u0130l\u00e7e Ba\u015fkan\u0131 Himmet \u00d6zer ve YRP \u0130l\u00e7e Ba\u015fkan\u0131 Abdullah Kul da e\u015flik etti.<br \/><\/p>\n","protected":false},"excerpt":{"rendered":"<p>K\u00fctahya\u2019n\u0131n Tav\u015fanl\u0131 il\u00e7esinde Cezaevi ve \u00c7ukurk\u00f6y Sanayi aras\u0131ndaki 3,2 kilometrelik yola Karayollar\u0131 ve Tav\u015fanl\u0131 Belediyesi taraf\u0131ndan asfalt d\u00f6k\u00fcl\u00fcyor. Tav\u015fanl\u0131 T Tipi Ceza \u0130nfaz Kurumu\u2019nu il\u00e7e merkezine ba\u011flayan yollardan birisi olan sanayi istikameti Karayollar\u0131 14. B\u00f6lge M\u00fcd\u00fcrl\u00fc\u011f\u00fc ile Tav\u015fanl\u0131 Belediyesi\u2019nin ortak \u00e7al\u0131\u015fmas\u0131yla asfaltlan\u0131yor. Toplam 430 ki\u015fi kapasiteli cezaevinde kalan mahkumlar\u0131 ziyarete gelen vatanda\u015flar bu \u00e7al\u0131\u015fmayla beraber&#8230;<\/p>\n","protected":false},"author":1,"featured_media":56965,"comment_status":"open","ping_status":"open","sticky":false,"template":"","format":"standard","meta":{"_crdt_document":"","footnotes":""},"categories":[125],"tags":[],"class_list":["post-56964","post","type-post","status-publish","format-standard","has-post-thumbnail","hentry","category-ekonomi"],"_links":{"self":[{"href":"https:\/\/www.egemtv.com\/index.php?rest_route=\/wp\/v2\/posts\/56964","targetHints":{"allow":["GET"]}}],"collection":[{"href":"https:\/\/www.egemtv.com\/index.php?rest_route=\/wp\/v2\/posts"}],"about":[{"href":"https:\/\/www.egemtv.com\/index.php?rest_route=\/wp\/v2\/types\/post"}],"author":[{"embeddable":true,"href":"https:\/\/www.egemtv.com\/index.php?rest_route=\/wp\/v2\/users\/1"}],"replies":[{"embeddable":true,"href":"https:\/\/www.egemtv.com\/index.php?rest_route=%2Fwp%2Fv2%2Fcomments&post=56964"}],"version-history":[{"count":1,"href":"https:\/\/www.egemtv.com\/index.php?rest_route=\/wp\/v2\/posts\/56964\/revisions"}],"predecessor-version":[{"id":56966,"href":"https:\/\/www.egemtv.com\/index.php?rest_route=\/wp\/v2\/posts\/56964\/revisions\/56966"}],"wp:featuredmedia":[{"embeddable":true,"href":"https:\/\/www.egemtv.com\/index.php?rest_route=\/wp\/v2\/media\/56965"}],"wp:attachment":[{"href":"https:\/\/www.egemtv.com\/index.php?rest_route=%2Fwp%2Fv2%2Fmedia&parent=56964"}],"wp:term":[{"taxonomy":"category","embeddable":true,"href":"https:\/\/www.egemtv.com\/index.php?rest_route=%2Fwp%2Fv2%2Fcategories&post=56964"},{"taxonomy":"post_tag","embeddable":true,"href":"https:\/\/www.egemtv.com\/index.php?rest_route=%2Fwp%2Fv2%2Ftags&post=56964"}],"curies":[{"name":"wp","href":"https:\/\/api.w.org\/{rel}","templated":true}]}}