{"id":56961,"date":"2025-09-24T11:54:54","date_gmt":"2025-09-24T08:54:54","guid":{"rendered":"https:\/\/www.egemtv.com\/?p=56961"},"modified":"2025-09-24T11:54:55","modified_gmt":"2025-09-24T08:54:55","slug":"aydin-sosyal-bilimler-lisesi-ogrencilerinden-ornek-davranis","status":"publish","type":"post","link":"https:\/\/www.egemtv.com\/?p=56961","title":{"rendered":"Ayd\u0131n Sosyal Bilimler Lisesi \u00f6\u011frencilerinden \u00f6rnek davran\u0131\u015f"},"content":{"rendered":"<p>G\u00f6zp\u0131nar \u015eehitli\u011fi\u2019ni ziyaret eden Ayd\u0131n Sosyal Bilimler Lisesi \u00f6\u011frencileri, hem dua etti, hem de \u015fehitlikte \u00e7evre temizli\u011fi yaparak \u00f6rnek oldu.<\/p>\n<p>Ayd\u0131n Sosyal Bilimler Lisesi 11. s\u0131n\u0131f \u00f6\u011frencileri, G\u00f6zp\u0131nar \u015eehitli\u011fi\u2019ni ziyaret ederek hem dua etti hem de \u015fehitlikte \u00e7evre temizli\u011fi yapt\u0131. Okul M\u00fcd\u00fcr\u00fc Fatih An\u0131l ve felsefe \u00f6\u011fretmeni Ahmet K\u0131l\u0131\u00e7parlar\u2019\u0131n da kat\u0131ld\u0131\u011f\u0131 ziyarette \u00f6\u011frenciler, \u015fehitli\u011fin bak\u0131m\u0131n\u0131 \u00fcstlenerek duyarl\u0131l\u0131klar\u0131yla \u00f6rnek oldu. \u015eehitler i\u00e7in edilen dualar\u0131n ard\u0131ndan ger\u00e7ekle\u015ftirilen temizlik \u00e7al\u0131\u015fmas\u0131, gen\u00e7lerin milli de\u011ferlere olan ba\u011fl\u0131l\u0131\u011f\u0131n\u0131 ve vefa duygusunu peki\u015ftirdi.<\/p>\n<p>Konu ile ilgili Ayd\u0131n Sosyal Bilimler Lisesi\u2019nden yap\u0131lan a\u00e7\u0131klamada &#8220;11. s\u0131n\u0131f \u00f6\u011frencilerimizle G\u00f6zp\u0131nar \u015eehitli\u011fi\u2019ni ziyaret ederek dua ettik.<\/p>\n<p>\u00d6\u011frencilerimiz ile birlikte \u015fehitlikte \u00e7evre bak\u0131m\u0131 ger\u00e7ekle\u015ftirdik. Okul M\u00fcd\u00fcr\u00fcm\u00fcz Fatih An\u0131l ve felsefe \u00f6\u011fretmenimiz Ahmet K\u0131l\u0131\u00e7parlar\u2019\u0131n kat\u0131ld\u0131\u011f\u0131 ziyarette \u015fehitlerimize minnetimizi sunduk&#8221; ifadeleri yer ald\u0131.<br \/><\/p>\n","protected":false},"excerpt":{"rendered":"<p>G\u00f6zp\u0131nar \u015eehitli\u011fi\u2019ni ziyaret eden Ayd\u0131n Sosyal Bilimler Lisesi \u00f6\u011frencileri, hem dua etti, hem de \u015fehitlikte \u00e7evre temizli\u011fi yaparak \u00f6rnek oldu. Ayd\u0131n Sosyal Bilimler Lisesi 11. s\u0131n\u0131f \u00f6\u011frencileri, G\u00f6zp\u0131nar \u015eehitli\u011fi\u2019ni ziyaret ederek hem dua etti hem de \u015fehitlikte \u00e7evre temizli\u011fi yapt\u0131. Okul M\u00fcd\u00fcr\u00fc Fatih An\u0131l ve felsefe \u00f6\u011fretmeni Ahmet K\u0131l\u0131\u00e7parlar\u2019\u0131n da kat\u0131ld\u0131\u011f\u0131 ziyarette \u00f6\u011frenciler, \u015fehitli\u011fin bak\u0131m\u0131n\u0131&#8230;<\/p>\n","protected":false},"author":1,"featured_media":56962,"comment_status":"open","ping_status":"open","sticky":false,"template":"","format":"standard","meta":{"_crdt_document":"","footnotes":""},"categories":[1],"tags":[],"class_list":["post-56961","post","type-post","status-publish","format-standard","has-post-thumbnail","hentry","category-guncel"],"_links":{"self":[{"href":"https:\/\/www.egemtv.com\/index.php?rest_route=\/wp\/v2\/posts\/56961","targetHints":{"allow":["GET"]}}],"collection":[{"href":"https:\/\/www.egemtv.com\/index.php?rest_route=\/wp\/v2\/posts"}],"about":[{"href":"https:\/\/www.egemtv.com\/index.php?rest_route=\/wp\/v2\/types\/post"}],"author":[{"embeddable":true,"href":"https:\/\/www.egemtv.com\/index.php?rest_route=\/wp\/v2\/users\/1"}],"replies":[{"embeddable":true,"href":"https:\/\/www.egemtv.com\/index.php?rest_route=%2Fwp%2Fv2%2Fcomments&post=56961"}],"version-history":[{"count":1,"href":"https:\/\/www.egemtv.com\/index.php?rest_route=\/wp\/v2\/posts\/56961\/revisions"}],"predecessor-version":[{"id":56963,"href":"https:\/\/www.egemtv.com\/index.php?rest_route=\/wp\/v2\/posts\/56961\/revisions\/56963"}],"wp:featuredmedia":[{"embeddable":true,"href":"https:\/\/www.egemtv.com\/index.php?rest_route=\/wp\/v2\/media\/56962"}],"wp:attachment":[{"href":"https:\/\/www.egemtv.com\/index.php?rest_route=%2Fwp%2Fv2%2Fmedia&parent=56961"}],"wp:term":[{"taxonomy":"category","embeddable":true,"href":"https:\/\/www.egemtv.com\/index.php?rest_route=%2Fwp%2Fv2%2Fcategories&post=56961"},{"taxonomy":"post_tag","embeddable":true,"href":"https:\/\/www.egemtv.com\/index.php?rest_route=%2Fwp%2Fv2%2Ftags&post=56961"}],"curies":[{"name":"wp","href":"https:\/\/api.w.org\/{rel}","templated":true}]}}