{"id":56958,"date":"2025-09-24T11:54:53","date_gmt":"2025-09-24T08:54:53","guid":{"rendered":"https:\/\/www.egemtv.com\/?p=56958"},"modified":"2025-09-24T11:54:54","modified_gmt":"2025-09-24T08:54:54","slug":"karsiyakada-primler-odendi","status":"publish","type":"post","link":"https:\/\/www.egemtv.com\/?p=56958","title":{"rendered":"Kar\u015f\u0131yaka\u2019da primler \u00f6dendi"},"content":{"rendered":"<p>Kar\u015f\u0131yaka y\u00f6netimi, K\u00fctahyaspor deplasman\u0131 sonras\u0131 20\u2019\u015fer bin TL, i\u00e7 sahadaki Bal\u0131kesirspor galibiyeti sonras\u0131 da 25\u2019er bin TL\u2019lik prim \u00f6demesi ger\u00e7ekle\u015ftirdi.<br \/>\n<br \/>TFF 3. Lig 4. Grup ekiplerinden Kar\u015f\u0131yaka, sezona f\u0131rt\u0131na gibi bir ba\u015flang\u0131\u00e7 yapt\u0131. Ye\u015fil-k\u0131rm\u0131z\u0131l\u0131lar, ilk \u00fc\u00e7 haftay\u0131 kay\u0131ps\u0131z ge\u00e7erek 3\u2019te 3 yapt\u0131 ve \u015fampiyonluk yolunda iddial\u0131 bir g\u00f6r\u00fcnt\u00fc sergiledi. Sezonun ilk haftas\u0131nda ekonomik s\u0131k\u0131nt\u0131lar nedeniyle kadrosu da\u011f\u0131lan Afyonspor\u2019u 2-1 ma\u011flup eden \u0130zmir temsilcisi, ard\u0131ndan g\u00fc\u00e7l\u00fc rakiplerinden Belediye K\u00fctahyaspor\u2019u deplasmanda, Bal\u0131kesirspor\u2019u ise i\u00e7 sahada yine 2-1\u2019lik skorlarla ge\u00e7meyi ba\u015fard\u0131.<br \/>\n<br \/>Al\u0131nan ba\u015far\u0131l\u0131 sonu\u00e7lar\u0131n ard\u0131ndan Kar\u015f\u0131yaka y\u00f6netimi, oyuncular\u0131n bu performans\u0131n\u0131 \u00f6d\u00fcllendirmeyi ihmal etmedi. Zorlu K\u00fctahya deplasman\u0131n\u0131n ard\u0131ndan futbolculara 20\u2019\u015fer bin TL prim da\u011f\u0131t\u0131l\u0131rken, i\u00e7 sahada kazan\u0131lan Bal\u0131kesirspor galibiyeti i\u00e7in ise 25\u2019er bin TL \u00f6deme yap\u0131ld\u0131. B\u00f6ylece son iki ma\u00e7ta futbolculara toplamda 45 bin TL prim \u00f6denmi\u015f oldu.<\/p>\n<p>Hedef Alanya 1221 FK ma\u00e7\u0131<br \/>\n<br \/>Yeni sezonda yoluna kay\u0131ps\u0131z bir \u015fekilde devam eden Kar\u015f\u0131yaka, 28 Eyl\u00fcl Pazar g\u00fcn\u00fc oynayaca\u011f\u0131 Alanya 1221 FK m\u00fcsabakas\u0131na odakland\u0131. Teknik Direkt\u00f6r Burhanettin Basatem\u00fcr y\u00f6netimindeki ye\u015fil-k\u0131rm\u0131z\u0131l\u0131lar, zorlu ma\u00e7ta rakibini ma\u011flup ederek 4\u2019te 4 yapmay\u0131 hedefliyor.<br \/>\n<br \/>Haz\u0131rl\u0131klar\u0131n\u0131 \u00c7i\u011fli Sel\u00e7uk Ya\u015far Tesisleri\u2019nde s\u00fcrd\u00fcren Kar\u015f\u0131yaka\u2019da, Alanya deplasman\u0131 \u00f6ncesinde tedavisi devam eden M\u00fccahit Aslan d\u0131\u015f\u0131nda eksik bir oyuncu bulunmuyor.<br \/><\/p>\n","protected":false},"excerpt":{"rendered":"<p>Kar\u015f\u0131yaka y\u00f6netimi, K\u00fctahyaspor deplasman\u0131 sonras\u0131 20\u2019\u015fer bin TL, i\u00e7 sahadaki Bal\u0131kesirspor galibiyeti sonras\u0131 da 25\u2019er bin TL\u2019lik prim \u00f6demesi ger\u00e7ekle\u015ftirdi. TFF 3. Lig 4. Grup ekiplerinden Kar\u015f\u0131yaka, sezona f\u0131rt\u0131na gibi bir ba\u015flang\u0131\u00e7 yapt\u0131. Ye\u015fil-k\u0131rm\u0131z\u0131l\u0131lar, ilk \u00fc\u00e7 haftay\u0131 kay\u0131ps\u0131z ge\u00e7erek 3\u2019te 3 yapt\u0131 ve \u015fampiyonluk yolunda iddial\u0131 bir g\u00f6r\u00fcnt\u00fc sergiledi. Sezonun ilk haftas\u0131nda ekonomik s\u0131k\u0131nt\u0131lar nedeniyle&#8230;<\/p>\n","protected":false},"author":1,"featured_media":56959,"comment_status":"open","ping_status":"open","sticky":false,"template":"","format":"standard","meta":{"_crdt_document":"","footnotes":""},"categories":[4],"tags":[],"class_list":["post-56958","post","type-post","status-publish","format-standard","has-post-thumbnail","hentry","category-spor"],"_links":{"self":[{"href":"https:\/\/www.egemtv.com\/index.php?rest_route=\/wp\/v2\/posts\/56958","targetHints":{"allow":["GET"]}}],"collection":[{"href":"https:\/\/www.egemtv.com\/index.php?rest_route=\/wp\/v2\/posts"}],"about":[{"href":"https:\/\/www.egemtv.com\/index.php?rest_route=\/wp\/v2\/types\/post"}],"author":[{"embeddable":true,"href":"https:\/\/www.egemtv.com\/index.php?rest_route=\/wp\/v2\/users\/1"}],"replies":[{"embeddable":true,"href":"https:\/\/www.egemtv.com\/index.php?rest_route=%2Fwp%2Fv2%2Fcomments&post=56958"}],"version-history":[{"count":1,"href":"https:\/\/www.egemtv.com\/index.php?rest_route=\/wp\/v2\/posts\/56958\/revisions"}],"predecessor-version":[{"id":56960,"href":"https:\/\/www.egemtv.com\/index.php?rest_route=\/wp\/v2\/posts\/56958\/revisions\/56960"}],"wp:featuredmedia":[{"embeddable":true,"href":"https:\/\/www.egemtv.com\/index.php?rest_route=\/wp\/v2\/media\/56959"}],"wp:attachment":[{"href":"https:\/\/www.egemtv.com\/index.php?rest_route=%2Fwp%2Fv2%2Fmedia&parent=56958"}],"wp:term":[{"taxonomy":"category","embeddable":true,"href":"https:\/\/www.egemtv.com\/index.php?rest_route=%2Fwp%2Fv2%2Fcategories&post=56958"},{"taxonomy":"post_tag","embeddable":true,"href":"https:\/\/www.egemtv.com\/index.php?rest_route=%2Fwp%2Fv2%2Ftags&post=56958"}],"curies":[{"name":"wp","href":"https:\/\/api.w.org\/{rel}","templated":true}]}}