{"id":56955,"date":"2025-09-24T11:54:52","date_gmt":"2025-09-24T08:54:52","guid":{"rendered":"https:\/\/www.egemtv.com\/?p=56955"},"modified":"2025-09-24T11:54:53","modified_gmt":"2025-09-24T08:54:53","slug":"seyir-halindeki-tofas-alev-aldi-surucu-kendini-disari-atarak-kurtuldu","status":"publish","type":"post","link":"https:\/\/www.egemtv.com\/?p=56955","title":{"rendered":"Seyir halindeki Tofa\u015f alev ald\u0131, s\u00fcr\u00fcc\u00fc kendini d\u0131\u015far\u0131 atarak kurtuldu"},"content":{"rendered":"<p>Ayd\u0131n\u2019\u0131n Nazilli il\u00e7esinde alev alan Tofa\u015f otomobil kullan\u0131lmaz hale geldi. S\u00fcr\u00fcc\u00fc kendini d\u0131\u015far\u0131 atarak alevlerden kurtuldu.<br \/>\n<br \/>Olay, Cumhuriyet Mahallesi H\u00fcrriyet Caddesi \u00fczerinde ak\u015fam saatlerinde meydana geldi. Edinilen bilgiye g\u00f6re, seyir halindeki 09 APD 597 plakal\u0131 Tofa\u015f otomobilde hen\u00fcz bilinmeyen nedenle yang\u0131n \u00e7\u0131kt\u0131. Yang\u0131n\u0131 fark eden s\u00fcr\u00fcc\u00fc arac\u0131 durdurup can havliyle kendini d\u0131\u015far\u0131 att\u0131. 112 Acil \u00c7a\u011fr\u0131 Merkezi\u2019ne yap\u0131lan ihbar \u00fczerine b\u00f6lgeye itfaiye ve polis ekipleri sevk edildi. K\u0131sa s\u00fcrede olay yerine gelen Ayd\u0131n B\u00fcy\u00fck\u015fehir Belediyesi \u0130tfaiye Daire Ba\u015fkanl\u0131\u011f\u0131 ekipleri yang\u0131na m\u00fcdahale etti. Ekiplerin u\u011fra\u015flar\u0131 sonucu yang\u0131n b\u00fcy\u00fcmeden kontrol alt\u0131na al\u0131nd\u0131. S\u00fcr\u00fcc\u00fcn\u00fcn yara almadan kurtuldu\u011fu yang\u0131nda ara\u00e7ta maddi hasar meydana geldi.<br \/>\n<br \/>Olayla ilgili inceleme s\u00fcr\u00fcyor.<br \/><\/p>\n","protected":false},"excerpt":{"rendered":"<p>Ayd\u0131n\u2019\u0131n Nazilli il\u00e7esinde alev alan Tofa\u015f otomobil kullan\u0131lmaz hale geldi. S\u00fcr\u00fcc\u00fc kendini d\u0131\u015far\u0131 atarak alevlerden kurtuldu. Olay, Cumhuriyet Mahallesi H\u00fcrriyet Caddesi \u00fczerinde ak\u015fam saatlerinde meydana geldi. Edinilen bilgiye g\u00f6re, seyir halindeki 09 APD 597 plakal\u0131 Tofa\u015f otomobilde hen\u00fcz bilinmeyen nedenle yang\u0131n \u00e7\u0131kt\u0131. Yang\u0131n\u0131 fark eden s\u00fcr\u00fcc\u00fc arac\u0131 durdurup can havliyle kendini d\u0131\u015far\u0131 att\u0131. 112 Acil&#8230;<\/p>\n","protected":false},"author":1,"featured_media":56956,"comment_status":"open","ping_status":"open","sticky":false,"template":"","format":"standard","meta":{"_crdt_document":"","footnotes":""},"categories":[5],"tags":[],"class_list":["post-56955","post","type-post","status-publish","format-standard","has-post-thumbnail","hentry","category-asayis"],"_links":{"self":[{"href":"https:\/\/www.egemtv.com\/index.php?rest_route=\/wp\/v2\/posts\/56955","targetHints":{"allow":["GET"]}}],"collection":[{"href":"https:\/\/www.egemtv.com\/index.php?rest_route=\/wp\/v2\/posts"}],"about":[{"href":"https:\/\/www.egemtv.com\/index.php?rest_route=\/wp\/v2\/types\/post"}],"author":[{"embeddable":true,"href":"https:\/\/www.egemtv.com\/index.php?rest_route=\/wp\/v2\/users\/1"}],"replies":[{"embeddable":true,"href":"https:\/\/www.egemtv.com\/index.php?rest_route=%2Fwp%2Fv2%2Fcomments&post=56955"}],"version-history":[{"count":1,"href":"https:\/\/www.egemtv.com\/index.php?rest_route=\/wp\/v2\/posts\/56955\/revisions"}],"predecessor-version":[{"id":56957,"href":"https:\/\/www.egemtv.com\/index.php?rest_route=\/wp\/v2\/posts\/56955\/revisions\/56957"}],"wp:featuredmedia":[{"embeddable":true,"href":"https:\/\/www.egemtv.com\/index.php?rest_route=\/wp\/v2\/media\/56956"}],"wp:attachment":[{"href":"https:\/\/www.egemtv.com\/index.php?rest_route=%2Fwp%2Fv2%2Fmedia&parent=56955"}],"wp:term":[{"taxonomy":"category","embeddable":true,"href":"https:\/\/www.egemtv.com\/index.php?rest_route=%2Fwp%2Fv2%2Fcategories&post=56955"},{"taxonomy":"post_tag","embeddable":true,"href":"https:\/\/www.egemtv.com\/index.php?rest_route=%2Fwp%2Fv2%2Ftags&post=56955"}],"curies":[{"name":"wp","href":"https:\/\/api.w.org\/{rel}","templated":true}]}}