{"id":56952,"date":"2025-09-24T11:35:01","date_gmt":"2025-09-24T08:35:01","guid":{"rendered":"https:\/\/www.egemtv.com\/?p=56952"},"modified":"2025-09-24T11:35:02","modified_gmt":"2025-09-24T08:35:02","slug":"goztepede-gozler-ibrahim-sabranin-uzerinde","status":"publish","type":"post","link":"https:\/\/www.egemtv.com\/?p=56952","title":{"rendered":"G\u00f6ztepe\u2019de g\u00f6zler Ibrahim Sabra\u2019n\u0131n \u00fczerinde"},"content":{"rendered":"<p>G\u00f6ztepe\u2019nin Be\u015fikta\u015f ile oynad\u0131\u011f\u0131 lig ma\u00e7\u0131nda oyuna sonradan girerek sadece 39 saniye sonra r\u00f6ve\u015fata gol\u00fc atan Ibrahim Sabra, dikkatleri \u00fczerine \u00e7ekmeyi ba\u015fard\u0131.<br \/>\n<br \/>G\u00f6ztepe, gen\u00e7 oyuncular\u0131 parlatmaya devam ediyor. Yaz transfer d\u00f6neminde Romulo\u2019yu 25 milyon Euro ve Emersonn\u2019u da 3 milyon 200 bin Euro\u2019ya satan \u0130zmir ekibi, \u015fimdi de 2005 do\u011fumlu Ibrahim Sabra\u2019y\u0131 vitrine \u00e7\u0131kard\u0131. \u00dcrd\u00fcnl\u00fc oyuncu, hen\u00fcz ilk 6 hafta itibar\u0131yla ilk 11 ba\u015flamazken oynad\u0131\u011f\u0131 4 kar\u015f\u0131la\u015fmaya da sonradan dahil oldu. 19 ya\u015f\u0131ndaki patlamas\u0131n\u0131 da Be\u015fikta\u015f\u2019a kar\u015f\u0131 yapt\u0131. 84. dakikada oyuna dahil olan Ibrahim Sabra, sadece 39 saniye sonra r\u00f6ve\u015fata gol\u00fcne imza att\u0131. B\u00f6ylece gen\u00e7 forvet, sar\u0131-k\u0131rm\u0131z\u0131l\u0131 formayla ilk skor katk\u0131s\u0131n\u0131 verdi ve dikkatleri \u00fczerine \u00e7ekti. Bulgar \u00e7al\u0131\u015ft\u0131r\u0131c\u0131 Stanimir Stoilov\u2019un da Sabra\u2019ya bundan sonraki kar\u015f\u0131la\u015fmalarda daha fazla s\u00fcre vermesi bekleniyor.<\/p>\n<p>Maliyeti 150 bin Euro<br \/>\n<br \/>Yaz transfer d\u00f6neminde bir\u00e7ok oyuncuyu kadrosuna katan G\u00f6ztepe, d\u00fc\u015f\u00fck maliyetle iyi i\u015fler \u00e7\u0131karmaya devam ediyor. Son olarak Be\u015fikta\u015f ma\u00e7\u0131na damga vuran Ibrahim Sabra, \u00dcrd\u00fcn ekibi Al Wehdat\u2019tan sadece 150 bin Euro kar\u015f\u0131l\u0131\u011f\u0131nda transfer edildi. \u0130zmir ekibi, 19 ya\u015f\u0131ndaki oyuncuyu birka\u00e7 senede geli\u015fimine katk\u0131 sa\u011flayarak t\u0131pk\u0131 Emersonn ve Romulo gibi bonservisle satarak para kazanmay\u0131 hedefliyor.<\/p>\n<p>Oyuncunun h\u0131rs\u0131 tam not ald\u0131<br \/>\n<br \/>Be\u015fikta\u015f\u2019a fantastik bir gol atan Ibrahim Sabra, daha sonra ya\u015fad\u0131\u011f\u0131 sevinciyle dikkatleri \u00e7ekti. B\u00fcy\u00fck bir co\u015fku ya\u015fayan ve h\u0131rs\u0131zl\u0131 bir g\u00f6r\u00fcnt\u00fc \u00e7izen \u00dcrd\u00fcnl\u00fc oyuncu, bu istek ve arzusuyla teknik heyetten ve taraftardan tam not ald\u0131.<br \/><\/p>\n","protected":false},"excerpt":{"rendered":"<p>G\u00f6ztepe\u2019nin Be\u015fikta\u015f ile oynad\u0131\u011f\u0131 lig ma\u00e7\u0131nda oyuna sonradan girerek sadece 39 saniye sonra r\u00f6ve\u015fata gol\u00fc atan Ibrahim Sabra, dikkatleri \u00fczerine \u00e7ekmeyi ba\u015fard\u0131. G\u00f6ztepe, gen\u00e7 oyuncular\u0131 parlatmaya devam ediyor. Yaz transfer d\u00f6neminde Romulo\u2019yu 25 milyon Euro ve Emersonn\u2019u da 3 milyon 200 bin Euro\u2019ya satan \u0130zmir ekibi, \u015fimdi de 2005 do\u011fumlu Ibrahim Sabra\u2019y\u0131 vitrine \u00e7\u0131kard\u0131. \u00dcrd\u00fcnl\u00fc&#8230;<\/p>\n","protected":false},"author":1,"featured_media":56953,"comment_status":"open","ping_status":"open","sticky":false,"template":"","format":"standard","meta":{"_crdt_document":"","footnotes":""},"categories":[4],"tags":[],"class_list":["post-56952","post","type-post","status-publish","format-standard","has-post-thumbnail","hentry","category-spor"],"_links":{"self":[{"href":"https:\/\/www.egemtv.com\/index.php?rest_route=\/wp\/v2\/posts\/56952","targetHints":{"allow":["GET"]}}],"collection":[{"href":"https:\/\/www.egemtv.com\/index.php?rest_route=\/wp\/v2\/posts"}],"about":[{"href":"https:\/\/www.egemtv.com\/index.php?rest_route=\/wp\/v2\/types\/post"}],"author":[{"embeddable":true,"href":"https:\/\/www.egemtv.com\/index.php?rest_route=\/wp\/v2\/users\/1"}],"replies":[{"embeddable":true,"href":"https:\/\/www.egemtv.com\/index.php?rest_route=%2Fwp%2Fv2%2Fcomments&post=56952"}],"version-history":[{"count":1,"href":"https:\/\/www.egemtv.com\/index.php?rest_route=\/wp\/v2\/posts\/56952\/revisions"}],"predecessor-version":[{"id":56954,"href":"https:\/\/www.egemtv.com\/index.php?rest_route=\/wp\/v2\/posts\/56952\/revisions\/56954"}],"wp:featuredmedia":[{"embeddable":true,"href":"https:\/\/www.egemtv.com\/index.php?rest_route=\/wp\/v2\/media\/56953"}],"wp:attachment":[{"href":"https:\/\/www.egemtv.com\/index.php?rest_route=%2Fwp%2Fv2%2Fmedia&parent=56952"}],"wp:term":[{"taxonomy":"category","embeddable":true,"href":"https:\/\/www.egemtv.com\/index.php?rest_route=%2Fwp%2Fv2%2Fcategories&post=56952"},{"taxonomy":"post_tag","embeddable":true,"href":"https:\/\/www.egemtv.com\/index.php?rest_route=%2Fwp%2Fv2%2Ftags&post=56952"}],"curies":[{"name":"wp","href":"https:\/\/api.w.org\/{rel}","templated":true}]}}