{"id":56949,"date":"2025-09-24T11:35:00","date_gmt":"2025-09-24T08:35:00","guid":{"rendered":"https:\/\/www.egemtv.com\/?p=56949"},"modified":"2025-09-24T11:35:00","modified_gmt":"2025-09-24T08:35:00","slug":"yabanci-diller-yuksekokulunda-cifte-program-oryantasyon-ve-akreditasyon-toreni","status":"publish","type":"post","link":"https:\/\/www.egemtv.com\/?p=56949","title":{"rendered":"Yabanc\u0131 Diller Y\u00fcksekokulu\u2019nda \u00c7ifte Program: Oryantasyon ve Akreditasyon t\u00f6reni"},"content":{"rendered":"<p>MSK\u00dc Yabanc\u0131 Diller Y\u00fcksekokulu\u2019nda, 2025-2026 Akademik Y\u0131l\u0131 oryantasyon program\u0131 ve EAQUALS akreditasyon berat t\u00f6reni ger\u00e7ekle\u015ftirildi.<br \/>\n<br \/>Avrupa merkezli EAQUALS (Evaluation and Accreditation of Quality Language Services) kurumu taraf\u0131ndan akredite edilen Mu\u011fla S\u0131tk\u0131 Ko\u00e7man \u00dcniversitesi (MSK\u00dc) Yabanc\u0131 Diller Y\u00fcksekokulu, berat t\u00f6renini ger\u00e7ekle\u015ftirdi.<br \/>\n<br \/>T\u00f6rene Y\u00fcksekokul M\u00fcd\u00fcr\u00fc Prof. Dr. Murat Ke\u00e7i\u015f\u2019in yan\u0131 s\u0131ra Macmillan Education temsilcileri Dr. Semih \u0130rfaner ve Ece Alt\u0131nok Tok kat\u0131ld\u0131. EAQUALS Genel Direkt\u00f6r\u00fc Dr. Lou McLaughlin ise programa video mesaj\u0131yla e\u015flik etti.<br \/>\n<br \/>Yeni \u00f6\u011frencilere oryantasyon program\u0131<br \/>\n<br \/>2025-2026 Akademik Y\u0131l\u0131 kapsam\u0131nda yeni kay\u0131t yapt\u0131ran \u00f6\u011frencilere y\u00f6nelik oryantasyon program\u0131 yap\u0131ld\u0131. Programa \u00f6\u011fretim elemanlar\u0131, idari personel, \u00f6\u011frenciler yo\u011fun ilgi g\u00f6sterdi.<br \/>\n<br \/>Etkinlik, Yabanc\u0131 Diller Y\u00fcksekokulu M\u00fcd\u00fcr\u00fc Prof. Dr. Murat Ke\u00e7i\u015f\u2019in a\u00e7\u0131l\u0131\u015f konu\u015fmas\u0131yla ba\u015flad\u0131. A\u00e7\u0131l\u0131\u015f\u0131n ard\u0131ndan s\u0131ras\u0131yla M\u00fcfredat Geli\u015ftirme Birimi, Konu\u015fma Birimi, S\u00fcrekli Mesleki Geli\u015fim Birimi, \u00d6l\u00e7me ve De\u011ferlendirme Birimi ile Ders D\u0131\u015f\u0131 Etkinlikler Birimi, y\u00fcr\u00fctt\u00fckleri \u00e7al\u0131\u015fmalar ve \u00f6\u011frenciler i\u00e7in sunduklar\u0131 imkanlar hakk\u0131nda bilgilendirmelerde bulundu.<br \/>\n<br \/>K\u0131sa bir aradan sonra, Uluslararas\u0131 \u00d6\u011fretmenlik Deneyimi ve UZEM sunumlar\u0131 ger\u00e7ekle\u015ftirildi. Ayr\u0131ca Sa\u011fl\u0131k, K\u00fclt\u00fcr ve Spor Daire Ba\u015fkanl\u0131\u011f\u0131, dan\u0131\u015fmanl\u0131k hizmetleri ve yemekhane sistemi hakk\u0131nda bilgiler payla\u015f\u0131ld\u0131.<br \/>\n<br \/>Ayr\u0131ca mezun \u00f6\u011frenciler Bet\u00fcl Karaca ve Hasan Yi\u011fit Acar, yeni \u00f6\u011frencilere deneyimlerini aktard\u0131.<br \/>\n<br \/>Program\u0131n son b\u00f6l\u00fcm\u00fcnde, t\u00fcm birim temsilcilerinin kat\u0131l\u0131m\u0131yla soru-cevap oturumu ger\u00e7ekle\u015ftirildi.<br \/><\/p>\n","protected":false},"excerpt":{"rendered":"<p>MSK\u00dc Yabanc\u0131 Diller Y\u00fcksekokulu\u2019nda, 2025-2026 Akademik Y\u0131l\u0131 oryantasyon program\u0131 ve EAQUALS akreditasyon berat t\u00f6reni ger\u00e7ekle\u015ftirildi. Avrupa merkezli EAQUALS (Evaluation and Accreditation of Quality Language Services) kurumu taraf\u0131ndan akredite edilen Mu\u011fla S\u0131tk\u0131 Ko\u00e7man \u00dcniversitesi (MSK\u00dc) Yabanc\u0131 Diller Y\u00fcksekokulu, berat t\u00f6renini ger\u00e7ekle\u015ftirdi. T\u00f6rene Y\u00fcksekokul M\u00fcd\u00fcr\u00fc Prof. Dr. Murat Ke\u00e7i\u015f\u2019in yan\u0131 s\u0131ra Macmillan Education temsilcileri Dr. Semih \u0130rfaner&#8230;<\/p>\n","protected":false},"author":1,"featured_media":56950,"comment_status":"open","ping_status":"open","sticky":false,"template":"","format":"standard","meta":{"_crdt_document":"","footnotes":""},"categories":[1],"tags":[],"class_list":["post-56949","post","type-post","status-publish","format-standard","has-post-thumbnail","hentry","category-guncel"],"_links":{"self":[{"href":"https:\/\/www.egemtv.com\/index.php?rest_route=\/wp\/v2\/posts\/56949","targetHints":{"allow":["GET"]}}],"collection":[{"href":"https:\/\/www.egemtv.com\/index.php?rest_route=\/wp\/v2\/posts"}],"about":[{"href":"https:\/\/www.egemtv.com\/index.php?rest_route=\/wp\/v2\/types\/post"}],"author":[{"embeddable":true,"href":"https:\/\/www.egemtv.com\/index.php?rest_route=\/wp\/v2\/users\/1"}],"replies":[{"embeddable":true,"href":"https:\/\/www.egemtv.com\/index.php?rest_route=%2Fwp%2Fv2%2Fcomments&post=56949"}],"version-history":[{"count":1,"href":"https:\/\/www.egemtv.com\/index.php?rest_route=\/wp\/v2\/posts\/56949\/revisions"}],"predecessor-version":[{"id":56951,"href":"https:\/\/www.egemtv.com\/index.php?rest_route=\/wp\/v2\/posts\/56949\/revisions\/56951"}],"wp:featuredmedia":[{"embeddable":true,"href":"https:\/\/www.egemtv.com\/index.php?rest_route=\/wp\/v2\/media\/56950"}],"wp:attachment":[{"href":"https:\/\/www.egemtv.com\/index.php?rest_route=%2Fwp%2Fv2%2Fmedia&parent=56949"}],"wp:term":[{"taxonomy":"category","embeddable":true,"href":"https:\/\/www.egemtv.com\/index.php?rest_route=%2Fwp%2Fv2%2Fcategories&post=56949"},{"taxonomy":"post_tag","embeddable":true,"href":"https:\/\/www.egemtv.com\/index.php?rest_route=%2Fwp%2Fv2%2Ftags&post=56949"}],"curies":[{"name":"wp","href":"https:\/\/api.w.org\/{rel}","templated":true}]}}