{"id":56946,"date":"2025-09-24T11:34:59","date_gmt":"2025-09-24T08:34:59","guid":{"rendered":"https:\/\/www.egemtv.com\/?p=56946"},"modified":"2025-09-24T11:35:00","modified_gmt":"2025-09-24T08:35:00","slug":"salihlide-ahilik-haftasi-kutlandi","status":"publish","type":"post","link":"https:\/\/www.egemtv.com\/?p=56946","title":{"rendered":"Salihli\u2019de Ahilik Haftas\u0131 kutland\u0131"},"content":{"rendered":"<p>Manisa\u2019n\u0131n Salihli il\u00e7esinde Ahilik Haftas\u0131, Esnaf ve Sanatk\u00e2rlar Odas\u0131 taraf\u0131ndan d\u00fczenlenen t\u00f6renle kutland\u0131. Programda, 40 y\u0131ld\u0131r dericilik yapan Nuri Emre &#8220;Y\u0131l\u0131n Ahisi&#8221; se\u00e7ildi. Emre\u2019ye Kaymakam Ali G\u00fcldo\u011fan ve MESOB Ba\u015fkan\u0131 Hasan Geriter taraf\u0131ndan \u015fed ku\u015fat\u0131l\u0131rken, ayr\u0131ca hizmet plaketi takdim edildi.<br \/>\n<br \/>Murat Makas\u00e7\u0131 ba\u015fkanl\u0131\u011f\u0131ndaki Salihli Esnaf ve Sanatk\u00e2rlar Odas\u0131 taraf\u0131ndan Kamilo\u011flu \u0130\u015f Merkezi \u00f6n\u00fcnde ger\u00e7ekle\u015ftirilen t\u00f6ren, sayg\u0131 duru\u015fu ve \u0130stiklal Mar\u015f\u0131 ile ba\u015flad\u0131.<\/p>\n<p>&#8220;Ahilik bir medeniyet miras\u0131d\u0131r&#8221;<br \/>\n<br \/>T\u00f6rende konu\u015fan Oda Ba\u015fkan\u0131 Murat Makas\u00e7\u0131, Ahili\u011fin evrensel de\u011ferlere dayand\u0131\u011f\u0131n\u0131 belirterek, &#8220;Ahilik; d\u00fcr\u00fcstl\u00fc\u011f\u00fc, karde\u015fli\u011fi, payla\u015fmay\u0131, helal kazanc\u0131 ve dayan\u0131\u015fmay\u0131 esas alan bir medeniyet miras\u0131d\u0131r. Anadolu\u2019da ticaretin ve sanat\u0131n temeli olmu\u015f, ahlaki de\u011ferlerin ku\u015faktan ku\u015fa\u011fa aktar\u0131lmas\u0131n\u0131 sa\u011flam\u0131\u015ft\u0131r&#8221; dedi.MESOB Ba\u015fkan\u0131 Hasan Geriter ise, &#8220;Ahilik, iyi ahlak\u0131, bilimi ve e\u011fitimi esas alan, esnaf gelene\u011fimizin temel ta\u015f\u0131d\u0131r. Bizlere d\u00fcr\u00fcstl\u00fck, dostluk, yard\u0131mla\u015fma ve ho\u015fg\u00f6r\u00fcy\u00fc hat\u0131rlat\u0131r&#8221; diye konu\u015ftu.<\/p>\n<p>&#8220;Ahilik Haftas\u0131 Kutlu Olsun&#8221;<br \/>\n<br \/>Kaymakam Ali G\u00fcldo\u011fan ise konu\u015fmas\u0131nda, &#8220;Ahili\u011fin k\u00fclt\u00fcr\u00fcm\u00fczdeki yerini \u00e7ok iyi biliyoruz. Karde\u015flik, birlik ve dayan\u0131\u015fman\u0131n sembol\u00fc olan Ahilik ruhunu ya\u015fatan t\u00fcm esnaflar\u0131m\u0131z\u0131n Ahilik Haftas\u0131 kutlu olsun&#8221; ifadelerini kulland\u0131.<\/p>\n<p>Programda plaketler verildi<br \/>\n<br \/>T\u00f6rende, &#8220;Y\u0131l\u0131n Ahisi&#8221; se\u00e7ilen Nuri Emre\u2019ye \u015fed ku\u015fat\u0131larak plaket takdim edildi. Ayr\u0131ca, 12 esnaf odas\u0131 \u00fcyesine de hizmet plaketleri verildi. Esnaf duas\u0131n\u0131n ard\u0131ndan program geleneksel ahi yeme\u011fi ile sona erdi.<br \/>\n<br \/>Programa Kaymakam Ali G\u00fcldo\u011fan, MESOB Ba\u015fkan\u0131 Hasan Geriter, Belediye Ba\u015fkan Yard\u0131mc\u0131s\u0131 Yavuz \u00d6zdem, \u0130l\u00e7e Emniyet M\u00fcd\u00fcr\u00fc Burhan Demirk\u0131ran, \u0130l\u00e7e Jandarma Komutan\u0131 Binba\u015f\u0131 Do\u011fukan Karaaslan, Ziraat Odas\u0131 Ba\u015fkan\u0131 Cem Yalva\u00e7, kooperatif ba\u015fkanlar\u0131, daire m\u00fcd\u00fcrleri, siyasi parti temsilcileri, esnaf odas\u0131 ba\u015fkanlar\u0131 ve \u00e7ok say\u0131da davetli kat\u0131ld\u0131.<br \/><\/p>\n","protected":false},"excerpt":{"rendered":"<p>Manisa\u2019n\u0131n Salihli il\u00e7esinde Ahilik Haftas\u0131, Esnaf ve Sanatk\u00e2rlar Odas\u0131 taraf\u0131ndan d\u00fczenlenen t\u00f6renle kutland\u0131. Programda, 40 y\u0131ld\u0131r dericilik yapan Nuri Emre &#8220;Y\u0131l\u0131n Ahisi&#8221; se\u00e7ildi. Emre\u2019ye Kaymakam Ali G\u00fcldo\u011fan ve MESOB Ba\u015fkan\u0131 Hasan Geriter taraf\u0131ndan \u015fed ku\u015fat\u0131l\u0131rken, ayr\u0131ca hizmet plaketi takdim edildi. Murat Makas\u00e7\u0131 ba\u015fkanl\u0131\u011f\u0131ndaki Salihli Esnaf ve Sanatk\u00e2rlar Odas\u0131 taraf\u0131ndan Kamilo\u011flu \u0130\u015f Merkezi \u00f6n\u00fcnde ger\u00e7ekle\u015ftirilen t\u00f6ren,&#8230;<\/p>\n","protected":false},"author":1,"featured_media":56947,"comment_status":"open","ping_status":"open","sticky":false,"template":"","format":"standard","meta":{"_crdt_document":"","footnotes":""},"categories":[125],"tags":[],"class_list":["post-56946","post","type-post","status-publish","format-standard","has-post-thumbnail","hentry","category-ekonomi"],"_links":{"self":[{"href":"https:\/\/www.egemtv.com\/index.php?rest_route=\/wp\/v2\/posts\/56946","targetHints":{"allow":["GET"]}}],"collection":[{"href":"https:\/\/www.egemtv.com\/index.php?rest_route=\/wp\/v2\/posts"}],"about":[{"href":"https:\/\/www.egemtv.com\/index.php?rest_route=\/wp\/v2\/types\/post"}],"author":[{"embeddable":true,"href":"https:\/\/www.egemtv.com\/index.php?rest_route=\/wp\/v2\/users\/1"}],"replies":[{"embeddable":true,"href":"https:\/\/www.egemtv.com\/index.php?rest_route=%2Fwp%2Fv2%2Fcomments&post=56946"}],"version-history":[{"count":1,"href":"https:\/\/www.egemtv.com\/index.php?rest_route=\/wp\/v2\/posts\/56946\/revisions"}],"predecessor-version":[{"id":56948,"href":"https:\/\/www.egemtv.com\/index.php?rest_route=\/wp\/v2\/posts\/56946\/revisions\/56948"}],"wp:featuredmedia":[{"embeddable":true,"href":"https:\/\/www.egemtv.com\/index.php?rest_route=\/wp\/v2\/media\/56947"}],"wp:attachment":[{"href":"https:\/\/www.egemtv.com\/index.php?rest_route=%2Fwp%2Fv2%2Fmedia&parent=56946"}],"wp:term":[{"taxonomy":"category","embeddable":true,"href":"https:\/\/www.egemtv.com\/index.php?rest_route=%2Fwp%2Fv2%2Fcategories&post=56946"},{"taxonomy":"post_tag","embeddable":true,"href":"https:\/\/www.egemtv.com\/index.php?rest_route=%2Fwp%2Fv2%2Ftags&post=56946"}],"curies":[{"name":"wp","href":"https:\/\/api.w.org\/{rel}","templated":true}]}}