{"id":56943,"date":"2025-09-24T11:15:17","date_gmt":"2025-09-24T08:15:17","guid":{"rendered":"https:\/\/www.egemtv.com\/?p=56943"},"modified":"2025-09-24T11:15:18","modified_gmt":"2025-09-24T08:15:18","slug":"denizlide-yanan-4-bin-108-hektar-orman-sahasinda-25-milyon-fidan-yeserecek","status":"publish","type":"post","link":"https:\/\/www.egemtv.com\/?p=56943","title":{"rendered":"Denizli\u2019de yanan 4 bin 108 hektar orman sahas\u0131nda 2,5 milyon fidan ye\u015ferecek"},"content":{"rendered":"<p>Denizli\u2019den bu y\u0131l meydana gelen orman yang\u0131nlar\u0131na ili\u015fkin detayl\u0131 bilgilendirme toplant\u0131s\u0131 ger\u00e7ekle\u015ftiren Denizli Orman B\u00f6lge M\u00fcd\u00fcr\u00fc Ahmet K\u00f6le, B\u00f6lge M\u00fcd\u00fcrl\u00fc\u011f\u00fc sorumluluk sahas\u0131nda meydana gelen 82 yang\u0131nda hasar g\u00f6ren 4 bin 108 hektarl\u0131k alanda 2 milyon 556 bin 674 fidan dikilece\u011fini vurgulad\u0131.<\/p>\n<p>Denizli Orman B\u00f6lge M\u00fcd\u00fcr\u00fc Ahmet K\u00f6le, birim sorumlular\u0131yla birlikte bu y\u0131l Denizli ve U\u015fak\u2019ta meydana gelen orman yang\u0131nlar\u0131na ili\u015fkin detayl\u0131 bilgilendirme amac\u0131yla toplant\u0131 d\u00fczenlendi. Orman yang\u0131nlar\u0131n\u0131 \u00f6nleme ve s\u00f6nd\u00fcrme \u00e7al\u0131\u015fmalar\u0131 hakk\u0131nda bilgiler veren B\u00f6lge M\u00fcd\u00fcr\u00fc Ahmet K\u00f6le, B\u00f6lge M\u00fcd\u00fcrl\u00fc\u011f\u00fcn\u00fcn yang\u0131na m\u00fccadele g\u00fcc\u00fcn\u00fcn her ge\u00e7en y\u0131l katlanarak b\u00fcy\u00fcd\u00fc\u011f\u00fcn\u00fc s\u00f6yledi. Denizli\u2019de bu y\u0131l 82 orman yang\u0131n\u0131n meydana geldi\u011fini ifade eden B\u00f6lge M\u00fcd\u00fcr\u00fc Ahmet K\u00f6le, bu yang\u0131nlar\u0131n sadece 3\u2019\u00fcn\u00fcn mega yang\u0131n s\u0131n\u0131f\u0131na girdi\u011fini ve yang\u0131nlar neticesinde 4 bin 108 hektar alan\u0131n zarar g\u00f6rd\u00fc\u011f\u00fcn\u00fc a\u00e7\u0131klad\u0131.<\/p>\n<p>Pamukkale il\u00e7esine yer alan Honaz Da\u011f\u0131 Milli Park\u0131\u2019nda meydana gelen yang\u0131n sahas\u0131na arazi yap\u0131s\u0131 nedeniyle bin 825 hektar alana 2 milyon 556 bin 674 fidan dikilece\u011fini ifade eden M\u00fcd\u00fcr K\u00f6le, &#8220;Pamukkale\u2019de \u00e7\u0131kan orman yang\u0131n\u0131nda zarar g\u00f6ren 357 hektarl\u0131k alanda hasar tespitinin tamamland\u0131. Sadece bu b\u00f6lgeye 621 bin 689 fidan dikilecek. Di\u011fer yang\u0131n yerlerinde de zarar g\u00f6ren a\u011fa\u00e7land\u0131rma \u00e7al\u0131\u015fmalar\u0131 s\u00fcr\u00fcyor. Buldan yang\u0131n\u0131nda yang\u0131nla m\u00fccadelede 25 helikopter 328 saat u\u00e7u\u015f yapt\u0131. Helikopterler bin 336 sorti yaparak 4 bin 293 ton suyu yanan alana bo\u015faltt\u0131. 912 yang\u0131n i\u015f\u00e7imiz t\u0131rm\u0131kla 16 kilometre \u015ferit a\u00e7t\u0131. 12 i\u015f makinemiz 25 kilometre yol a\u00e7arak ekiplerin rahat ilerlemesini sa\u011flad\u0131. Bu sayede bu yang\u0131n daha fazla b\u00fcy\u00fcmeden bir felaketin \u00f6n\u00fcne ge\u00e7ilmi\u015f oldu. Burada zarar g\u00f6ren bin 468 hektarl\u0131k alana 1 milyon 934 bin 985 fidan dikerek yeniden alan\u0131n ye\u015fermesini sa\u011flayaca\u011f\u0131z. Bunun i\u00e7in t\u00fcm haz\u0131rl\u0131klar\u0131m\u0131z tamamland\u0131. Belirlenen zamanlarda fidanlar\u0131 toprakla bulu\u015fturaca\u011f\u0131z&#8221; diye konu\u015ftu.<\/p>\n<p>Et\u00fct Proje Ba\u015fm\u00fchendisi Deniz Aydemir de yang\u0131n sonras\u0131 yap\u0131lacak \u00e7al\u0131\u015fmalarla ilgili sunum yapt\u0131.<br \/><\/p>\n","protected":false},"excerpt":{"rendered":"<p>Denizli\u2019den bu y\u0131l meydana gelen orman yang\u0131nlar\u0131na ili\u015fkin detayl\u0131 bilgilendirme toplant\u0131s\u0131 ger\u00e7ekle\u015ftiren Denizli Orman B\u00f6lge M\u00fcd\u00fcr\u00fc Ahmet K\u00f6le, B\u00f6lge M\u00fcd\u00fcrl\u00fc\u011f\u00fc sorumluluk sahas\u0131nda meydana gelen 82 yang\u0131nda hasar g\u00f6ren 4 bin 108 hektarl\u0131k alanda 2 milyon 556 bin 674 fidan dikilece\u011fini vurgulad\u0131. Denizli Orman B\u00f6lge M\u00fcd\u00fcr\u00fc Ahmet K\u00f6le, birim sorumlular\u0131yla birlikte bu y\u0131l Denizli ve U\u015fak\u2019ta&#8230;<\/p>\n","protected":false},"author":1,"featured_media":56944,"comment_status":"open","ping_status":"open","sticky":false,"template":"","format":"standard","meta":{"_crdt_document":"","footnotes":""},"categories":[1],"tags":[],"class_list":["post-56943","post","type-post","status-publish","format-standard","has-post-thumbnail","hentry","category-guncel"],"_links":{"self":[{"href":"https:\/\/www.egemtv.com\/index.php?rest_route=\/wp\/v2\/posts\/56943","targetHints":{"allow":["GET"]}}],"collection":[{"href":"https:\/\/www.egemtv.com\/index.php?rest_route=\/wp\/v2\/posts"}],"about":[{"href":"https:\/\/www.egemtv.com\/index.php?rest_route=\/wp\/v2\/types\/post"}],"author":[{"embeddable":true,"href":"https:\/\/www.egemtv.com\/index.php?rest_route=\/wp\/v2\/users\/1"}],"replies":[{"embeddable":true,"href":"https:\/\/www.egemtv.com\/index.php?rest_route=%2Fwp%2Fv2%2Fcomments&post=56943"}],"version-history":[{"count":1,"href":"https:\/\/www.egemtv.com\/index.php?rest_route=\/wp\/v2\/posts\/56943\/revisions"}],"predecessor-version":[{"id":56945,"href":"https:\/\/www.egemtv.com\/index.php?rest_route=\/wp\/v2\/posts\/56943\/revisions\/56945"}],"wp:featuredmedia":[{"embeddable":true,"href":"https:\/\/www.egemtv.com\/index.php?rest_route=\/wp\/v2\/media\/56944"}],"wp:attachment":[{"href":"https:\/\/www.egemtv.com\/index.php?rest_route=%2Fwp%2Fv2%2Fmedia&parent=56943"}],"wp:term":[{"taxonomy":"category","embeddable":true,"href":"https:\/\/www.egemtv.com\/index.php?rest_route=%2Fwp%2Fv2%2Fcategories&post=56943"},{"taxonomy":"post_tag","embeddable":true,"href":"https:\/\/www.egemtv.com\/index.php?rest_route=%2Fwp%2Fv2%2Ftags&post=56943"}],"curies":[{"name":"wp","href":"https:\/\/api.w.org\/{rel}","templated":true}]}}