{"id":56940,"date":"2025-09-24T10:54:48","date_gmt":"2025-09-24T07:54:48","guid":{"rendered":"https:\/\/www.egemtv.com\/?p=56940"},"modified":"2025-09-24T10:54:49","modified_gmt":"2025-09-24T07:54:49","slug":"ses-duzenegiyle-bildircinlari-avlayan-kacak-avci-fotokapanla-yakalandi","status":"publish","type":"post","link":"https:\/\/www.egemtv.com\/?p=56940","title":{"rendered":"Ses d\u00fczene\u011fiyle b\u0131ld\u0131rc\u0131nlar\u0131 avlayan ka\u00e7ak avc\u0131 fotokapanla yakaland\u0131"},"content":{"rendered":"<p>DEN\u0130ZL\u0130 (\u0130HA) \u2013 Denizli\u2019nin Buldan il\u00e7esinde ak\u00fc kullanarak yapt\u0131\u011f\u0131 ses d\u00fczene\u011fiyle b\u0131ld\u0131rc\u0131nlar\u0131 avlayan ka\u00e7ak avc\u0131, kurulan fotokapanla yakaland\u0131.<\/p>\n<p>Edinilen bilgiye g\u00f6re; Buldan il\u00e7esinin \u0130ki Armut mevkiinde g\u00f6\u00e7 eden b\u0131ld\u0131rc\u0131nlar\u0131n avlanmas\u0131 i\u00e7in ak\u00fc kullan\u0131larak yap\u0131lan ses d\u00fczene\u011finin bir a\u011faca yerle\u015ftirildi\u011fi y\u00f6n\u00fcnde ihbar sonucu, g\u00f6revliler taraf\u0131ndan \u015f\u00fcphelinin tespit edilmesi i\u00e7in b\u00f6lgeye fotokapan kuruldu. Ka\u00e7ak avc\u0131y\u0131 yakalamak i\u00e7in kurulan fotokapan g\u00f6r\u00fcnt\u00fclerini inceleyen g\u00f6revliler, ses d\u00fczene\u011fini yerle\u015ftiren \u015f\u00fcpheliyi tespit ederek, g\u00f6zalt\u0131na ald\u0131.<\/p>\n<p>Ses d\u00fczene\u011fiyle b\u0131ld\u0131rc\u0131n avlayan ka\u00e7ak avc\u0131ya, 4915 Say\u0131l\u0131 Kara Avc\u0131l\u0131\u011f\u0131 Kanunu kapsam\u0131nda Merkez Av Komisyonunca belirlenecekler d\u0131\u015f\u0131nda kara, hava ara\u00e7lar\u0131 ve y\u00fczer ara\u00e7larla, ses, manyetik dalga, \u0131\u015f\u0131k yayan ara\u00e7 ve gere\u00e7leri, canl\u0131 m\u00fchr\u00fc, tuzak, kapan ve di\u011fer benzeri avlanma ara\u00e7 ve gere\u00e7 olarak kullan\u0131lmas\u0131 ile avlanma s\u00fcreleri d\u0131\u015f\u0131nda avlanma maddelerine muhalefet etmek su\u00e7undan toplam 8 bin 236 TL idari para cezas\u0131 uyguland\u0131.<br \/><\/p>\n","protected":false},"excerpt":{"rendered":"<p>DEN\u0130ZL\u0130 (\u0130HA) \u2013 Denizli\u2019nin Buldan il\u00e7esinde ak\u00fc kullanarak yapt\u0131\u011f\u0131 ses d\u00fczene\u011fiyle b\u0131ld\u0131rc\u0131nlar\u0131 avlayan ka\u00e7ak avc\u0131, kurulan fotokapanla yakaland\u0131. Edinilen bilgiye g\u00f6re; Buldan il\u00e7esinin \u0130ki Armut mevkiinde g\u00f6\u00e7 eden b\u0131ld\u0131rc\u0131nlar\u0131n avlanmas\u0131 i\u00e7in ak\u00fc kullan\u0131larak yap\u0131lan ses d\u00fczene\u011finin bir a\u011faca yerle\u015ftirildi\u011fi y\u00f6n\u00fcnde ihbar sonucu, g\u00f6revliler taraf\u0131ndan \u015f\u00fcphelinin tespit edilmesi i\u00e7in b\u00f6lgeye fotokapan kuruldu. Ka\u00e7ak avc\u0131y\u0131 yakalamak i\u00e7in&#8230;<\/p>\n","protected":false},"author":1,"featured_media":56941,"comment_status":"open","ping_status":"open","sticky":false,"template":"","format":"standard","meta":{"_crdt_document":"","footnotes":""},"categories":[5],"tags":[],"class_list":["post-56940","post","type-post","status-publish","format-standard","has-post-thumbnail","hentry","category-asayis"],"_links":{"self":[{"href":"https:\/\/www.egemtv.com\/index.php?rest_route=\/wp\/v2\/posts\/56940","targetHints":{"allow":["GET"]}}],"collection":[{"href":"https:\/\/www.egemtv.com\/index.php?rest_route=\/wp\/v2\/posts"}],"about":[{"href":"https:\/\/www.egemtv.com\/index.php?rest_route=\/wp\/v2\/types\/post"}],"author":[{"embeddable":true,"href":"https:\/\/www.egemtv.com\/index.php?rest_route=\/wp\/v2\/users\/1"}],"replies":[{"embeddable":true,"href":"https:\/\/www.egemtv.com\/index.php?rest_route=%2Fwp%2Fv2%2Fcomments&post=56940"}],"version-history":[{"count":1,"href":"https:\/\/www.egemtv.com\/index.php?rest_route=\/wp\/v2\/posts\/56940\/revisions"}],"predecessor-version":[{"id":56942,"href":"https:\/\/www.egemtv.com\/index.php?rest_route=\/wp\/v2\/posts\/56940\/revisions\/56942"}],"wp:featuredmedia":[{"embeddable":true,"href":"https:\/\/www.egemtv.com\/index.php?rest_route=\/wp\/v2\/media\/56941"}],"wp:attachment":[{"href":"https:\/\/www.egemtv.com\/index.php?rest_route=%2Fwp%2Fv2%2Fmedia&parent=56940"}],"wp:term":[{"taxonomy":"category","embeddable":true,"href":"https:\/\/www.egemtv.com\/index.php?rest_route=%2Fwp%2Fv2%2Fcategories&post=56940"},{"taxonomy":"post_tag","embeddable":true,"href":"https:\/\/www.egemtv.com\/index.php?rest_route=%2Fwp%2Fv2%2Ftags&post=56940"}],"curies":[{"name":"wp","href":"https:\/\/api.w.org\/{rel}","templated":true}]}}