{"id":56937,"date":"2025-09-24T10:54:48","date_gmt":"2025-09-24T07:54:48","guid":{"rendered":"https:\/\/www.egemtv.com\/?p=56937"},"modified":"2025-09-24T10:54:48","modified_gmt":"2025-09-24T07:54:48","slug":"koycegiz-kaymakami-kumcu-yangindan-zarar-goren-vatandaslarla-bulustu","status":"publish","type":"post","link":"https:\/\/www.egemtv.com\/?p=56937","title":{"rendered":"K\u00f6yce\u011fiz Kaymakam\u0131 Kumcu, yang\u0131ndan zarar g\u00f6ren vatanda\u015flarla bulu\u015ftu"},"content":{"rendered":"<p>Mu\u011fla\u2019n\u0131n K\u00f6yce\u011fiz il\u00e7esinde meydana gelen orman yang\u0131n\u0131nda zarar g\u00f6ren vatanda\u015flar Kaymakam Mert Kumcu ve heyet taraf\u0131ndan ziyaret edildi.<\/p>\n<p>K\u00f6yce\u011fiz Kaymakam\u0131 Mert Kumcu, ilgili kurum amirleri ile birlikte yang\u0131ndan zarar g\u00f6ren vatanda\u015flar\u0131 hanelerinde ziyaret ederek yap\u0131lan tespit \u00e7al\u0131\u015fmalar\u0131n\u0131 yerinde inceledi. Kaymakam Kumcu, yang\u0131ndan zarar g\u00f6ren vatanda\u015flara yap\u0131lmas\u0131 gereken destek \u00e7al\u0131\u015fmalar\u0131 ile ilgili kurum amirlerine talimat vererek, vatanda\u015flar\u0131n devlet olarak her daim yanlar\u0131nda olduklar\u0131n\u0131 ifade etti.<\/p>\n<p>K\u00f6yce\u011fiz Kaymakam\u0131 Kumcu\u2019ya il\u00e7e kurum m\u00fcd\u00fcrleri de e\u015flik etti.<br \/><\/p>\n","protected":false},"excerpt":{"rendered":"<p>Mu\u011fla\u2019n\u0131n K\u00f6yce\u011fiz il\u00e7esinde meydana gelen orman yang\u0131n\u0131nda zarar g\u00f6ren vatanda\u015flar Kaymakam Mert Kumcu ve heyet taraf\u0131ndan ziyaret edildi. K\u00f6yce\u011fiz Kaymakam\u0131 Mert Kumcu, ilgili kurum amirleri ile birlikte yang\u0131ndan zarar g\u00f6ren vatanda\u015flar\u0131 hanelerinde ziyaret ederek yap\u0131lan tespit \u00e7al\u0131\u015fmalar\u0131n\u0131 yerinde inceledi. Kaymakam Kumcu, yang\u0131ndan zarar g\u00f6ren vatanda\u015flara yap\u0131lmas\u0131 gereken destek \u00e7al\u0131\u015fmalar\u0131 ile ilgili kurum amirlerine talimat vererek,&#8230;<\/p>\n","protected":false},"author":1,"featured_media":56938,"comment_status":"open","ping_status":"open","sticky":false,"template":"","format":"standard","meta":{"_crdt_document":"","footnotes":""},"categories":[1],"tags":[],"class_list":["post-56937","post","type-post","status-publish","format-standard","has-post-thumbnail","hentry","category-guncel"],"_links":{"self":[{"href":"https:\/\/www.egemtv.com\/index.php?rest_route=\/wp\/v2\/posts\/56937","targetHints":{"allow":["GET"]}}],"collection":[{"href":"https:\/\/www.egemtv.com\/index.php?rest_route=\/wp\/v2\/posts"}],"about":[{"href":"https:\/\/www.egemtv.com\/index.php?rest_route=\/wp\/v2\/types\/post"}],"author":[{"embeddable":true,"href":"https:\/\/www.egemtv.com\/index.php?rest_route=\/wp\/v2\/users\/1"}],"replies":[{"embeddable":true,"href":"https:\/\/www.egemtv.com\/index.php?rest_route=%2Fwp%2Fv2%2Fcomments&post=56937"}],"version-history":[{"count":1,"href":"https:\/\/www.egemtv.com\/index.php?rest_route=\/wp\/v2\/posts\/56937\/revisions"}],"predecessor-version":[{"id":56939,"href":"https:\/\/www.egemtv.com\/index.php?rest_route=\/wp\/v2\/posts\/56937\/revisions\/56939"}],"wp:featuredmedia":[{"embeddable":true,"href":"https:\/\/www.egemtv.com\/index.php?rest_route=\/wp\/v2\/media\/56938"}],"wp:attachment":[{"href":"https:\/\/www.egemtv.com\/index.php?rest_route=%2Fwp%2Fv2%2Fmedia&parent=56937"}],"wp:term":[{"taxonomy":"category","embeddable":true,"href":"https:\/\/www.egemtv.com\/index.php?rest_route=%2Fwp%2Fv2%2Fcategories&post=56937"},{"taxonomy":"post_tag","embeddable":true,"href":"https:\/\/www.egemtv.com\/index.php?rest_route=%2Fwp%2Fv2%2Ftags&post=56937"}],"curies":[{"name":"wp","href":"https:\/\/api.w.org\/{rel}","templated":true}]}}